[{"@context":"https:\/\/schema.org\/","@type":"Article","@id":"https:\/\/www.carios.cz\/co-nesmi-chybet-ve-vasi-satne\/#Article","mainEntityOfPage":"https:\/\/www.carios.cz\/co-nesmi-chybet-ve-vasi-satne\/","headline":"Co nesm\u00ed chyb\u011bt ve va\u0161\u00ed \u0161atn\u011b?","name":"Co nesm\u00ed chyb\u011bt ve va\u0161\u00ed \u0161atn\u011b?","description":"V d\u0159\u00edv\u011bj\u0161\u00edch dob\u00e1ch byla \u0161atna z\u00e1kladem pro luxusn\u00ed domy. Kdo m\u011bl doma \u0161atnu, ostatn\u00ed si o n\u011bm mohli pr\u00e1vem myslet, [&hellip;]","datePublished":"2022-11-03","dateModified":"2022-11-03","author":{"@type":"Person","@id":"https:\/\/www.carios.cz\/author\/devene\/#Person","name":"devene","url":"https:\/\/www.carios.cz\/author\/devene\/","identifier":1,"image":{"@type":"ImageObject","@id":"https:\/\/secure.gravatar.com\/avatar\/1e120f96477763896a9e7ab3663c076bf8b67ca32fa1a5943b70761da502a7a7?s=96&d=mm&r=g","url":"https:\/\/secure.gravatar.com\/avatar\/1e120f96477763896a9e7ab3663c076bf8b67ca32fa1a5943b70761da502a7a7?s=96&d=mm&r=g","height":96,"width":96}},"publisher":{"@type":"Organization","name":"carios.cz","logo":{"@type":"ImageObject","@id":"\/logo.png","url":"\/logo.png","width":600,"height":60}},"image":{"@type":"ImageObject","@id":"https:\/\/www.carios.cz\/wp-content\/uploads\/pexels-anastasia-shuraeva-5704730.jpg","url":"https:\/\/www.carios.cz\/wp-content\/uploads\/pexels-anastasia-shuraeva-5704730.jpg","height":0,"width":0},"url":"https:\/\/www.carios.cz\/co-nesmi-chybet-ve-vasi-satne\/","about":["Zbo\u017e\u00ed"],"wordCount":423,"articleBody":"         V d\u0159\u00edv\u011bj\u0161\u00edch dob\u00e1ch byla \u0161atna z\u00e1kladem pro luxusn\u00ed domy. Kdo m\u011bl doma \u0161atnu, ostatn\u00ed si o n\u011bm mohli pr\u00e1vem myslet, \u017ee je bohat\u00fd. Bylo to i vzhledem k tomu, kolik d\u0159\u00edve st\u00e1lo oble\u010den\u00ed. V dne\u0161n\u00ed dob\u011b je oble\u010den\u00ed mnohon\u00e1sobn\u011b levn\u011bj\u0161\u00ed. I dnes je \u0161atna pro \u017eenu velmi obl\u00edben\u00fdm dopl\u0148kem. R\u00e1no je to pro ni prvn\u00ed zast\u00e1vka v p\u0159\u00edprav\u00e1ch do nov\u00e9ho dne, ve\u010der to m\u016f\u017ee b\u00fdt zase \u00fato\u010di\u0161t\u011b, kde prov\u00e1d\u00ed kosmetickou p\u00e9\u010di a p\u0159ipravuje se ke sp\u00e1nku.Va\u0161e \u0161atna by m\u011bla odr\u00e1\u017eet v\u00e1\u0161 osobit\u00fd styl. D\u00e1te p\u0159ednost tradi\u010dn\u00edmu n\u00e1bytku nebo naopak modern\u00edmu designu? Chcete, aby na v\u00e1s z va\u0161\u00ed \u0161atny d\u00fdchal klid, elegance nebo naopak posledn\u00ed m\u00f3dn\u00ed trendy? To si mus\u00edte rozmyslet d\u0159\u00edv, ne\u017e si svou \u0161atnu navrhnete.Co budete v takov\u00e9 \u0161atn\u011b pot\u0159ebovat?\u00dalo\u017en\u00fd prostorTou nejd\u016fle\u017eit\u011bj\u0161\u00ed v\u011bc\u00ed pro va\u0161i \u0161atnu je \u00falo\u017en\u00fd prostor, kam budete ukl\u00e1dat svoje oble\u010den\u00ed a dopl\u0148ky. Pokud v\u00e1m to prostor dovol\u00ed, nejlep\u0161\u00edm \u0159e\u0161en\u00edm pro v\u00e1s jsou vestav\u011bn\u00e9 sk\u0159\u00edn\u011b. Uzp\u016fsob\u00edte si je prostoru, kter\u00fd m\u00e1te k dispozici a jejich vnit\u0159n\u00ed \u0159e\u0161en\u00ed si takt\u00e9\u017e m\u016f\u017eete zvolit sami. Na \u0161perky a ostatn\u00ed dopl\u0148ky jsou vhodn\u00e9 nap\u0159\u00edklad n\u00edzk\u00e9 komody se \u0161upl\u00edky, kam vlo\u017e\u00edte r\u016fzn\u00e9 organiz\u00e9ry.ZrcadloVa\u0161e \u0161atna se rozhodn\u011b neobejde bez v\u00fdrazn\u00e9ho zrcadla. Jeho velikost a poloha jsou d\u016fle\u017eit\u00e9, jeliko\u017e ho budete vyu\u017e\u00edvat ka\u017ed\u00fd den. Pokud chcete z\u00e1v\u011bsn\u00e9 zrcadlo, bude skv\u011ble vypadat nap\u0159\u00edklad nad toaletn\u00edm stolkem. Lep\u0161\u00ed je ale zvolit celoplo\u0161n\u00e9 zrcadlo, v kter\u00e9m m\u016f\u017eete ka\u017ed\u00fd den zkontrolovat, jak vypad\u00e1te jako celek.Toaletn\u00ed stolekDal\u0161\u00edm z d\u016fle\u017eit\u00fdch kus\u016f je toaletn\u00ed stolek. I ten byste m\u011bli sladit ke zbytku interi\u00e9ru va\u0161\u00ed \u0161atny. Bude v\u00e1m slou\u017eit pro rann\u00ed l\u00ed\u010den\u00ed nebo jin\u00e9 \u00fapravy, na kter\u00e9 je lep\u0161\u00ed detailn\u00ed zrcadlo. M\u016f\u017eete v n\u011bm m\u00edt ulo\u017een\u00e9 tak\u00e9 nejr\u016fzn\u011bj\u0161\u00ed v\u011bci, jako dopl\u0148ky nebo kosmetiku. K toaletn\u00edmu stolku by m\u011bla pat\u0159it i pohodln\u00e1 \u017eidli\u010dka v takov\u00e9 v\u00fd\u0161ce, aby se v\u00e1m pohodln\u011b d\u00edvalo do zrcadla toaletn\u00edho stole\u010dku.                                                                                                                                                                                                                                                                                                                                                                                          4.3\/5 - (9 votes)        "},{"@context":"https:\/\/schema.org\/","@type":"BreadcrumbList","itemListElement":[{"@type":"ListItem","position":1,"name":"Co nesm\u00ed chyb\u011bt ve va\u0161\u00ed \u0161atn\u011b?","item":"https:\/\/www.carios.cz\/co-nesmi-chybet-ve-vasi-satne\/#breadcrumbitem"}]}]