[{"@context":"https:\/\/schema.org\/","@type":"Article","@id":"https:\/\/www.carios.cz\/dnes-uz-sami-stavet-nemusime\/#Article","mainEntityOfPage":"https:\/\/www.carios.cz\/dnes-uz-sami-stavet-nemusime\/","headline":"Dnes u\u017e sami stav\u011bt nemus\u00edme","name":"Dnes u\u017e sami stav\u011bt nemus\u00edme","description":"Kdy\u017e si lid\u00e9 stav\u011bli za minul\u00e9ho re\u017eimu sv\u00e9 domy, m\u011bli k tomu vlastn\u011b o pohnutku v\u00edc ne\u017e dnes. Nejednou se [&hellip;]","datePublished":"2022-11-02","dateModified":"2022-11-02","author":{"@type":"Person","@id":"https:\/\/www.carios.cz\/author\/devene\/#Person","name":"devene","url":"https:\/\/www.carios.cz\/author\/devene\/","identifier":1,"image":{"@type":"ImageObject","@id":"https:\/\/secure.gravatar.com\/avatar\/1e120f96477763896a9e7ab3663c076bf8b67ca32fa1a5943b70761da502a7a7?s=96&d=mm&r=g","url":"https:\/\/secure.gravatar.com\/avatar\/1e120f96477763896a9e7ab3663c076bf8b67ca32fa1a5943b70761da502a7a7?s=96&d=mm&r=g","height":96,"width":96}},"publisher":{"@type":"Organization","name":"carios.cz","logo":{"@type":"ImageObject","@id":"\/logo.png","url":"\/logo.png","width":600,"height":60}},"image":{"@type":"ImageObject","@id":"https:\/\/www.carios.cz\/wp-content\/uploads\/d%C5%AFm1_3.jpg","url":"https:\/\/www.carios.cz\/wp-content\/uploads\/d%C5%AFm1_3.jpg","height":0,"width":0},"url":"https:\/\/www.carios.cz\/dnes-uz-sami-stavet-nemusime\/","about":["Bydlen\u00ed"],"wordCount":434,"articleBody":"   Kdy\u017e si lid\u00e9 stav\u011bli za minul\u00e9ho re\u017eimu sv\u00e9 domy, m\u011bli k tomu vlastn\u011b o pohnutku v\u00edc ne\u017e dnes. Nejednou se tito pou\u0161t\u011bli do stavby i proto, \u017ee zkr\u00e1tka cht\u011bli bydlet a \u010dek\u00e1n\u00ed v po\u0159adn\u00edku na byt od tat\u00ed\u010dka st\u00e1tu bylo nekone\u010dn\u00e9. Co\u017e u\u017e dnes pochopiteln\u011b nen\u00ed, proto\u017ee se jednak daj\u00ed nemovitosti koupit t\u0159eba i hned a jednak u\u017e tat\u00ed\u010dek st\u00e1t naopak sotva n\u011bkomu n\u011bjakou tu st\u0159echu nad hlavou d\u00e1, proto\u017ee u\u017e v tomto ohledu d\u00e1vno zapomn\u011bl na sv\u016fj tehdej\u0161\u00ed monopol.Ov\u0161em kdo z na\u0161inc\u016f by dnes m\u011bl je\u0161t\u011b \u010das a energii stav\u011bt si sv\u016fj d\u016fm jako za on\u011bch \u010das\u016f zcela nebo aspo\u0148 p\u0159ev\u00e1\u017en\u011b sv\u00e9pomoc\u00ed? Kdo by si vyb\u011bhal v\u0161echna ta povolen\u00ed, s\u00e1m si sehnal materi\u00e1l a techniku a pak s pomoc\u00ed rodiny nebo i zcela s\u00e1m vybudoval to, co si p\u0159eje? Moc takov\u00fdch lid\u00ed mezi n\u00e1mi nen\u00ed. Bu\u010f bychom to vesm\u011bs neum\u011bli nebo na to nem\u00e1me energii a \u010das. A ti, kdo maj\u00ed energii a \u010das, zase obvykle nemaj\u00ed pen\u00edze, proto\u017ee kdyby vyd\u011bl\u00e1vali pen\u00edze, nem\u011bli by energii a \u010das.A tak se dnes sice stav\u00ed, ale obvykle u\u017e ne tak jako kdysi. Daleko v\u00edce jsou up\u0159ednost\u0148ov\u00e1ny rodinn\u00e9 domy na kl\u00ed\u010d. \u010c\u00edm\u017e pochopiteln\u011b nen\u00ed m\u00edn\u011bno, \u017ee by byly uzamykateln\u00e9, jakkoliv to samoz\u0159ejm\u011b tak\u00e9 jsou. Znamen\u00e1 to, \u017ee si lid\u00e9 vyberou, co a jak\u00e9 to cht\u011bj\u00ed m\u00edt, a pak u\u017e jenom zaplat\u00ed a p\u0159ijdou k hotov\u00e9mu. A mohou bydlet tak, jak cht\u011bj\u00ed.A to je p\u0159ece dokonal\u00e1 nab\u00eddka. V\u0161ichni si jist\u011b dok\u00e1\u017eeme p\u0159edstavit, jak nep\u0159\u00edjemn\u00e9 mohou b\u00fdt t\u0159eba i naprost\u00e9 mali\u010dkosti, v nich\u017e \u010dlov\u011bku nemus\u00ed koupen\u00e9 nemovitosti vyhovovat, dok\u00e1\u017eeme si p\u0159edstavit, jak to n\u011bkdy otr\u00e1v\u00ed a jak dlouho by se na trhu mohlo sh\u00e1n\u011bt n\u011bco odpov\u00eddaj\u00edc\u00ed na\u0161im pot\u0159eb\u00e1m. Kde\u017eto tady je v\u0161e hned takov\u00e9, jak\u00e9 to chceme m\u00edt. Proto\u017ee m\u00e1me na v\u00fdb\u011br, a co si zvol\u00edme, to m\u00e1me.A navrch si tu m\u016f\u017eeme po\u0159\u00eddit i budovy n\u00edzkoenergetick\u00e9 a t\u00edm p\u00e1dem si v\u00fdhodn\u011b \u017e\u00edt i v dne\u0161n\u00ed dob\u011b zdra\u017euj\u00edc\u00edch energi\u00ed, kdy leckdo nev\u00ed, zda je zvl\u00e1dne zaplatit.                                                                                                                                                                                                                                                                                                                                                                                          4.5\/5 - (10 votes)        "},{"@context":"https:\/\/schema.org\/","@type":"BreadcrumbList","itemListElement":[{"@type":"ListItem","position":1,"name":"Dnes u\u017e sami stav\u011bt nemus\u00edme","item":"https:\/\/www.carios.cz\/dnes-uz-sami-stavet-nemusime\/#breadcrumbitem"}]}]