[{"@context":"https:\/\/schema.org\/","@type":"Article","@id":"https:\/\/www.carios.cz\/kvetinova-dekorace\/#Article","mainEntityOfPage":"https:\/\/www.carios.cz\/kvetinova-dekorace\/","headline":"Kv\u011btinov\u00e1 dekorace","name":"Kv\u011btinov\u00e1 dekorace","description":"L\u00edb\u00ed se mi, kdy\u017e to m\u00e1m doma p\u011bkn\u011b uspo\u0159\u00e1dan\u00e9 a kdy\u017e mi to v\u0161echno k sob\u011b doma lad\u00ed. Proto\u017ee nem\u00e1m [&hellip;]","datePublished":"2022-12-12","dateModified":"2022-12-12","author":{"@type":"Person","@id":"https:\/\/www.carios.cz\/author\/devene\/#Person","name":"devene","url":"https:\/\/www.carios.cz\/author\/devene\/","identifier":1,"image":{"@type":"ImageObject","@id":"https:\/\/secure.gravatar.com\/avatar\/1e120f96477763896a9e7ab3663c076bf8b67ca32fa1a5943b70761da502a7a7?s=96&d=mm&r=g","url":"https:\/\/secure.gravatar.com\/avatar\/1e120f96477763896a9e7ab3663c076bf8b67ca32fa1a5943b70761da502a7a7?s=96&d=mm&r=g","height":96,"width":96}},"publisher":{"@type":"Organization","name":"carios.cz","logo":{"@type":"ImageObject","@id":"\/logo.png","url":"\/logo.png","width":600,"height":60}},"image":{"@type":"ImageObject","@id":"https:\/\/www.carios.cz\/wp-content\/uploads\/pots-716579_960_720.jpg","url":"https:\/\/www.carios.cz\/wp-content\/uploads\/pots-716579_960_720.jpg","height":0,"width":0},"url":"https:\/\/www.carios.cz\/kvetinova-dekorace\/","about":["Zbo\u017e\u00ed"],"wordCount":439,"articleBody":"       L\u00edb\u00ed se mi, kdy\u017e to m\u00e1m doma p\u011bkn\u011b uspo\u0159\u00e1dan\u00e9 a kdy\u017e mi to v\u0161echno k sob\u011b doma lad\u00ed. Proto\u017ee nem\u00e1m r\u00e1da, kdy\u017e to m\u00e1 doma n\u011bkdo ud\u011blan\u00e9 tak, \u017ee to k sob\u011b nepasuje a je to takov\u00e9 cikcak. Takhle p\u0159esn\u011b to m\u00e1 moje sestra, kter\u00e1 bydl\u00ed se sv\u00fdm p\u0159\u00edtelem na kraji vesnice. A j\u00e1 jsem v\u017edycky cht\u011bla bydlet na vesnici. A sestra tam m\u00e1 kr\u00e1sn\u00fd \u010derstv\u00fd vzduch, ale kdybyste vid\u011bli ten jej\u00ed interi\u00e9r, tak to je jak od \u0161edes\u00e1t\u00fdch let minul\u00e9ho stolet\u00ed. A v\u016fbec se mi to nel\u00edb\u00ed, ale kdy\u017e se to l\u00edb\u00ed sest\u0159e, tak je to v po\u0159\u00e1dku. Sestra by tam ur\u010dit\u011b nem\u011bla n\u011bco, co se j\u00ed nel\u00edb\u00ed. Moje sestra toti\u017e v\u0161echno sb\u00edr\u00e1, tak\u017ee m\u00e1 doma n\u011bkdy taky takov\u00e9 skladi\u0161t\u011b. A sestra Taky m\u00e1m r\u00e1da kv\u011btiny. Sb\u00edr\u00e1 r\u016fzn\u00e9 plastov\u00e9 obaly na kv\u011btin\u00e1\u010de z v\u00fdprodeje. A kdy\u017e sestra vid\u00ed, \u017ee je v\u00fdprodej na plastov\u00e9 obaly na kv\u011btin\u00e1\u010de, tak je opravdu v sedm\u00e9m nebi. Sestra tohle r\u00e1da kupuje a velice \u010dasto. N\u011bkdy u\u017e i jej\u00ed p\u0159\u00edtel nad\u00e1v\u00e1 za to, \u017ee u\u017e nem\u00e1 plastov\u00e9 obaly na kv\u011btin\u00e1\u010de kam d\u00e1vat. Tak\u017ee kdy\u017e vid\u00ed n\u011bkde p\u0159\u00edtel v\u00fdprodej, \u017ee prod\u00e1vaj\u00ed plastov\u00e9 obaly na kv\u011btin\u00e1\u010de, tak se jenom hroz\u00ed, aby si toho nev\u0161imla moje sestra, jeho p\u0159\u00edtelkyn\u011b. J\u00e1 v\u00edm, \u017ee je plastov\u00e9 obaly ve v\u00fdprodeji na kv\u011btin\u00e1\u010di jsou opravdu p\u011bkn\u00e9 a vypadaj\u00ed stylov\u011b, jen\u017ee \u010deho je moc, tak toho je p\u0159\u00edli\u0161.\u0158ekla jsem si, \u017ee kdybych j\u00e1 byla na sest\u0159in\u00fdm m\u00edst\u011b, tak bych si asi otev\u0159ela vlastn\u00ed obchod a prod\u00e1vala u\u017e taky plastov\u00e9 obaly na kv\u011btin\u00e1\u010de. Proto\u017ee sestra m\u00e1 snad u\u017e pades\u00e1t v\u00fdprodejov\u00fdch plastov\u00fdch obal\u016f na kv\u011btin\u00e1\u010de. A v\u016fbec u\u017e nev\u00ed, co do nich d\u00e1vat, proto\u017ee m\u00e1 v\u00edce plastov\u00fdch obal\u016f na kv\u011btin\u00e1\u010de, ne\u017e m\u00e1 rostlin. A tak jsem zv\u011bdav\u00e1, co s t\u00edm sestra bude d\u00e1t d\u011blat. A jak jste na tom vy? Taky m\u00e1te r\u00e1di kv\u011btiny a r\u016fzn\u00e9 dekorace, kter\u00e9 se t\u00fdkaj\u00ed kv\u011btin? M\u00e1m r\u00e1da kv\u011btiny a taky zahradu, ale zase to samoz\u0159ejm\u011b nikdy nep\u0159eh\u00e1n\u00edm jako moje sestra. Ta u\u017e m\u00e1 pln\u00fd sklep kv\u011btin\u00e1\u010d\u016f.                                                                                                                                                                                                                                                                                                                                                                                           4.1\/5 - (7 votes)        "},{"@context":"https:\/\/schema.org\/","@type":"BreadcrumbList","itemListElement":[{"@type":"ListItem","position":1,"name":"Kv\u011btinov\u00e1 dekorace","item":"https:\/\/www.carios.cz\/kvetinova-dekorace\/#breadcrumbitem"}]}]