[{"@context":"https:\/\/schema.org\/","@type":"Article","@id":"https:\/\/www.carios.cz\/moznost-opravdoveho-odpocinku\/#Article","mainEntityOfPage":"https:\/\/www.carios.cz\/moznost-opravdoveho-odpocinku\/","headline":"Mo\u017enost opravdov\u00e9ho odpo\u010dinku","name":"Mo\u017enost opravdov\u00e9ho odpo\u010dinku","description":"Cht\u011bli byste vyrazit n\u011bkam na dovolenou, proto\u017ee neradi tr\u00e1v\u00edte sv\u016fj d\u016fchod a st\u00e1\u0159\u00ed doma? Pokud chcete neust\u00e1le pozn\u00e1vat n\u011bjak\u00e1 nov\u00e1 [&hellip;]","datePublished":"2025-03-12","dateModified":"2025-03-12","author":{"@type":"Person","@id":"https:\/\/www.carios.cz\/author\/devene\/#Person","name":"devene","url":"https:\/\/www.carios.cz\/author\/devene\/","identifier":1,"image":{"@type":"ImageObject","@id":"https:\/\/secure.gravatar.com\/avatar\/1e120f96477763896a9e7ab3663c076bf8b67ca32fa1a5943b70761da502a7a7?s=96&d=mm&r=g","url":"https:\/\/secure.gravatar.com\/avatar\/1e120f96477763896a9e7ab3663c076bf8b67ca32fa1a5943b70761da502a7a7?s=96&d=mm&r=g","height":96,"width":96}},"publisher":{"@type":"Organization","name":"carios.cz","logo":{"@type":"ImageObject","@id":"\/logo.png","url":"\/logo.png","width":600,"height":60}},"url":"https:\/\/www.carios.cz\/moznost-opravdoveho-odpocinku\/","wordCount":255,"articleBody":"Cht\u011bli byste vyrazit n\u011bkam na dovolenou, proto\u017ee neradi tr\u00e1v\u00edte sv\u016fj d\u016fchod a st\u00e1\u0159\u00ed doma? Pokud chcete neust\u00e1le pozn\u00e1vat n\u011bjak\u00e1 nov\u00e1 m\u00edsta, jezdit do vyhl\u00e1\u0161en\u00fdch l\u00e1zn\u00ed anebo podnikat nen\u00e1ro\u010dn\u00e9 t\u00fary po hor\u00e1ch, tak nev\u00e1hejte a vsa\u010fte na n\u011bjak\u00e9 popul\u00e1rn\u00ed a obl\u00edben\u00e9 pobyty pro seniory, kter\u00e9 si nebudete moci vynachv\u00e1lit. Je to skv\u011bl\u00e1 z\u00e1le\u017eitost zcela pro ka\u017ed\u00e9ho, kdo by r\u00e1d pozn\u00e1val n\u011bco nov\u00e9ho a kdo by cht\u011bl vyrazit pry\u010d. Vyberte si i vy n\u011bjak\u00fd z\u00e1jezd, kter\u00fd v\u00e1s nejv\u00edce zaujme, a u\u017eijte si p\u0159\u00edjemn\u011b str\u00e1venou dovolenou, v\u011bk nehraje \u017e\u00e1dnou roli. Velmi p\u0159\u00edjemn\u00e9 ceny Proto\u017ee se jedn\u00e1 o pobyty pro seniory, tak m\u016f\u017eete o\u010dek\u00e1vat skute\u010dn\u011b zaj\u00edmav\u00e9 a atraktivn\u00ed ceny. N\u011bkter\u00e9 zahrani\u010dn\u00ed z\u00e1jezdy jsou toti\u017e dokonce dotov\u00e1ny, pot\u00e9 se nen\u00ed \u010demu divit, \u017ee je to tak dostupn\u00e9 zcela v\u0161em. Vyberte si tedy i vy z bohat\u00e9 nab\u00eddky t\u011bch nejr\u016fzn\u011bj\u0161\u00edch z\u00e1jezd\u016f, uvid\u00edte, \u017ee naraz\u00edte na n\u011bco, co v\u00e1s zaujme a kam byste se cht\u011bli rozhodn\u011b pod\u00edvat. Na v\u00fdb\u011br m\u00e1te z p\u0159\u00edmo\u0159sk\u00fdch destinac\u00ed, vyhl\u00e1\u0161en\u00fdch \u010desk\u00fdch l\u00e1zn\u00ed anebo tak\u00e9 z r\u016fzn\u00fdch horsk\u00fdch st\u0159edisek, kter\u00e9 takt\u00e9\u017e stoj\u00ed za n\u00e1v\u0161t\u011bvu.                                                                                                                                                                                                                                                                                                                                                                                        3.5\/5 - (2 votes)        "},{"@context":"https:\/\/schema.org\/","@type":"BreadcrumbList","itemListElement":[{"@type":"ListItem","position":1,"name":"Mo\u017enost opravdov\u00e9ho odpo\u010dinku","item":"https:\/\/www.carios.cz\/moznost-opravdoveho-odpocinku\/#breadcrumbitem"}]}]