[{"@context":"https:\/\/schema.org\/","@type":"Article","@id":"https:\/\/www.carios.cz\/mysi-v-domacnosti\/#Article","mainEntityOfPage":"https:\/\/www.carios.cz\/mysi-v-domacnosti\/","headline":"My\u0161i v dom\u00e1cnosti","name":"My\u0161i v dom\u00e1cnosti","description":"Bydl\u00edm na vesnici a jist\u011b v\u0161ichni v\u00edte, \u017ee na vesnici m\u00e1 mnoho lid\u00ed zv\u00ed\u0159ata. My m\u00e1me opravdu hodn\u011b hospod\u00e1\u0159sk\u00fdch zv\u00ed\u0159at. [&hellip;]","datePublished":"2024-01-30","dateModified":"2024-01-30","author":{"@type":"Person","@id":"https:\/\/www.carios.cz\/author\/devene\/#Person","name":"devene","url":"https:\/\/www.carios.cz\/author\/devene\/","identifier":1,"image":{"@type":"ImageObject","@id":"https:\/\/secure.gravatar.com\/avatar\/1e120f96477763896a9e7ab3663c076bf8b67ca32fa1a5943b70761da502a7a7?s=96&d=mm&r=g","url":"https:\/\/secure.gravatar.com\/avatar\/1e120f96477763896a9e7ab3663c076bf8b67ca32fa1a5943b70761da502a7a7?s=96&d=mm&r=g","height":96,"width":96}},"publisher":{"@type":"Organization","name":"carios.cz","logo":{"@type":"ImageObject","@id":"\/logo.png","url":"\/logo.png","width":600,"height":60}},"image":{"@type":"ImageObject","@id":"https:\/\/www.carios.cz\/wp-content\/uploads\/mastomys-332686_960_720.jpg","url":"https:\/\/www.carios.cz\/wp-content\/uploads\/mastomys-332686_960_720.jpg","height":0,"width":0},"url":"https:\/\/www.carios.cz\/mysi-v-domacnosti\/","about":["Bydlen\u00ed"],"wordCount":455,"articleBody":"Bydl\u00edm na vesnici a jist\u011b v\u0161ichni v\u00edte, \u017ee na vesnici m\u00e1 mnoho lid\u00ed zv\u00ed\u0159ata. My m\u00e1me opravdu hodn\u011b hospod\u00e1\u0159sk\u00fdch zv\u00ed\u0159at. Na tom by nebylo v\u016fbec nic \u0161patn\u00e9ho, ale nejhor\u0161\u00ed je, \u017ee jak jsme na vesnici, tak tady m\u00e1me opravdu spoustu my\u0161\u00ed. P\u0159izn\u00e1m se, \u017ee absolutn\u011b nev\u00edm, co s t\u00edmhle m\u00e1m d\u011blat. M\u00e1m je t\u00e9m\u011b\u0159 v\u0161ude. Naposledy jsem si v\u0161imla, \u017ee mi opravdu hodn\u011b rozkousali seda\u010dku. Ani nev\u00edte, jak jsem z toho byla na\u0161tvan\u00e1. Opravdu jsem m\u011bla z toho nervy. Byla jsem ne\u0161\u0165astn\u00e1, proto\u017ee jsem se nemohla my\u0161i doma zbavit. Cht\u011bla jsem po\u0159\u00eddit jed na my\u0161i, proto\u017ee takhle doma bych my\u0161i m\u00edt rozhodn\u011b necht\u011bla, aby mi my\u0161i ni\u010dili m\u00e9 bydlen\u00ed, takov\u00e9 bydlen\u00ed, kter\u00e9 jsem si renovovala \u00fapln\u011b sama od z\u00e1kladu. A tak\u00e9 jsem na to byla sama, nen\u00ed tady bydl\u00edm se synem. Mus\u00edm uznat, \u017ee kdy\u017e mi potom bratr \u0159ekl, \u017ee nem\u00e1m v\u016fbec pou\u017e\u00edvat jed na my\u0161i, \u017ee klid n\u011bkam zaleze a za\u010dne smrd\u011bt, tak jsem mu dala za pravdu a po\u0159\u00eddila jsem si n\u011bkolik pasti\u010dek na my\u0161i. Jenom\u017ee nejhor\u0161\u00ed na tom bylo, \u017ee mi nedo\u0161lo, \u017ee m\u00e1m doma ko\u010dku. Tedy, v\u011bd\u011bla jsem o tom, ale v\u016fbec by m\u011b nenapadlo, \u017ee se moje ko\u010dka si chyt\u00ed do pasti\u010dky na my\u0161i. Opravdu u\u017e jsem byla v \u0161oku. M\u016fj kocour opravdu tak hodn\u011b si\u00a0st\u011b\u017eoval, tak bre\u010del, \u017ee ho bol\u00ed tlapka, \u017ee mi ho a\u017e bylo l\u00edto. Jenom\u017ee nechat si doma n\u011bjak\u00e9 my\u0161i, to ani n\u00e1hodou. Tak\u017ee jsem to nakonec ud\u011blala doma, tak abych m\u011bla \u010dist\u00e9 a klidn\u00e9 bydlen\u00ed, \u017ee jsem v\u017edycky nat\u00e1hla pasti\u010dky p\u0159es noc a kocoura jsem zav\u0159ela do ob\u00fdv\u00e1ku. Bylo mi ho l\u00edto, proto\u017ee tam zase celou noc na\u0159\u00edkal, ale musela jsem to vydr\u017eet. B\u011bhem t\u00fddne jsem nachytala asi sedm\u00a0nebo osm\u00a0my\u0161\u00ed. Kdy\u017e jsem tohle vid\u011bla, tak jsem se styd\u011bla sama za sebe, jak\u00fd nepo\u0159\u00e1dek jsem to m\u011bla doma, p\u0159itom doma nenech\u00e1v\u00e1m v\u016fbec \u017e\u00e1dn\u00e9 zbytky potravin a v\u0161echno m\u00e1m v d\u00f3z\u00e1ch. Tam se rozhodn\u011b \u017e\u00e1dn\u00e1\u00a0my\u0161 nedostane, ale i tak nech\u00e1pu, jak se v\u0161echny my\u0161i mohou dr\u017eet. Jenom u m\u011b t\u0159eba vedle k br\u00e1chovi v\u016fbec nejdou. \u010c\u00edm to asi m\u016f\u017ee b\u00fdt, \u017ee m\u00e1m lep\u0161\u00ed bydlen\u00ed?\u00a0                                                                                                                                                                                                                                                                                                                                                                                        4.3\/5 - (10 votes)        "},{"@context":"https:\/\/schema.org\/","@type":"BreadcrumbList","itemListElement":[{"@type":"ListItem","position":1,"name":"My\u0161i v dom\u00e1cnosti","item":"https:\/\/www.carios.cz\/mysi-v-domacnosti\/#breadcrumbitem"}]}]