[{"@context":"https:\/\/schema.org\/","@type":"Blog","@id":"https:\/\/www.carios.cz#Blog","headline":"Carios","description":"\nNa sv\u00e9 probl\u00e9my nemus\u00edte b\u00fdt ur\u010dit\u011b sami. N\u011bkdy v\u00e1m pomohou p\u0159\u00e1tel\u00e9 a n\u011bkdy t\u0159eba i n\u00e1\u0161 web. Kter\u00fd by se r\u00e1d stal va\u0161\u00edm virtu\u00e1ln\u00edm p\u0159\u00edtelem.","url":"https:\/\/www.carios.cz","hasPart":[{"@type":"Article","@id":"https:\/\/www.carios.cz\/kral-je-mrtev-at-zije-kral\/","headline":"Kr\u00e1l je mrtev, a\u0165 \u017eije kr\u00e1l","url":"https:\/\/www.carios.cz\/kral-je-mrtev-at-zije-kral\/","datePublished":"2019-06-12","dateModified":"2019-06-12","mainEntityOfPage":"https:\/\/www.carios.cz\/kral-je-mrtev-at-zije-kral\/","author":{"@type":"Person","@id":"https:\/\/www.carios.cz\/author\/devene\/#Person","name":"devene","url":"https:\/\/www.carios.cz\/author\/devene\/","identifier":1,"image":{"@type":"ImageObject","@id":"https:\/\/secure.gravatar.com\/avatar\/1e120f96477763896a9e7ab3663c076bf8b67ca32fa1a5943b70761da502a7a7?s=96&d=mm&r=g","url":"https:\/\/secure.gravatar.com\/avatar\/1e120f96477763896a9e7ab3663c076bf8b67ca32fa1a5943b70761da502a7a7?s=96&d=mm&r=g","height":96,"width":96}},"publisher":{"@type":"Organization","name":"carios.cz","logo":{"@type":"ImageObject","@id":"\/logo.png","url":"\/logo.png","width":600,"height":60}},"image":{"@type":"ImageObject","@id":"https:\/\/www.carios.cz\/wp-content\/uploads\/img_a348891_w2744_t1563697712.jpg","url":"https:\/\/www.carios.cz\/wp-content\/uploads\/img_a348891_w2744_t1563697712.jpg","height":0,"width":0},"wordCount":547,"keywords":null},{"@type":"Article","@id":"https:\/\/www.carios.cz\/ten-pravy-pritel-se-najde-pro-kazdeho\/","headline":"Ten prav\u00fd p\u0159\u00edtel se najde pro ka\u017ed\u00e9ho!","url":"https:\/\/www.carios.cz\/ten-pravy-pritel-se-najde-pro-kazdeho\/","datePublished":"2019-04-04","dateModified":"2019-04-04","mainEntityOfPage":"https:\/\/www.carios.cz\/ten-pravy-pritel-se-najde-pro-kazdeho\/","author":{"@type":"Person","@id":"https:\/\/www.carios.cz\/author\/devene\/#Person","name":"devene","url":"https:\/\/www.carios.cz\/author\/devene\/","identifier":1,"image":{"@type":"ImageObject","@id":"https:\/\/secure.gravatar.com\/avatar\/1e120f96477763896a9e7ab3663c076bf8b67ca32fa1a5943b70761da502a7a7?s=96&d=mm&r=g","url":"https:\/\/secure.gravatar.com\/avatar\/1e120f96477763896a9e7ab3663c076bf8b67ca32fa1a5943b70761da502a7a7?s=96&d=mm&r=g","height":96,"width":96}},"publisher":{"@type":"Organization","name":"carios.cz","logo":{"@type":"ImageObject","@id":"\/logo.png","url":"\/logo.png","width":600,"height":60}},"image":{"@type":"ImageObject","@id":"https:\/\/www.carios.cz\/wp-content\/uploads\/img_a341590_w2305_t1554290840.jpg","url":"https:\/\/www.carios.cz\/wp-content\/uploads\/img_a341590_w2305_t1554290840.jpg","height":0,"width":0},"wordCount":4529,"keywords":null},{"@type":"Article","@id":"https:\/\/www.carios.cz\/proskakejte-se-ke-stesti-na-trampoline-s-ochrannou-siti\/","headline":"Prosk\u00e1kejte se ke \u0161t\u011bst\u00ed na trampol\u00edn\u011b s ochrannou s\u00edt\u00ed","url":"https:\/\/www.carios.cz\/proskakejte-se-ke-stesti-na-trampoline-s-ochrannou-siti\/","datePublished":"2019-02-09","dateModified":"2019-02-09","mainEntityOfPage":"https:\/\/www.carios.cz\/proskakejte-se-ke-stesti-na-trampoline-s-ochrannou-siti\/","author":{"@type":"Person","@id":"https:\/\/www.carios.cz\/author\/devene\/#Person","name":"devene","url":"https:\/\/www.carios.cz\/author\/devene\/","identifier":1,"image":{"@type":"ImageObject","@id":"https:\/\/secure.gravatar.com\/avatar\/1e120f96477763896a9e7ab3663c076bf8b67ca32fa1a5943b70761da502a7a7?s=96&d=mm&r=g","url":"https:\/\/secure.gravatar.com\/avatar\/1e120f96477763896a9e7ab3663c076bf8b67ca32fa1a5943b70761da502a7a7?s=96&d=mm&r=g","height":96,"width":96}},"publisher":{"@type":"Organization","name":"carios.cz","logo":{"@type":"ImageObject","@id":"\/logo.png","url":"\/logo.png","width":600,"height":60}},"image":{"@type":"ImageObject","@id":"https:\/\/www.carios.cz\/wp-content\/uploads\/img_a339260_w2600_t1552464682.jpg","url":"https:\/\/www.carios.cz\/wp-content\/uploads\/img_a339260_w2600_t1552464682.jpg","height":0,"width":0},"wordCount":562,"keywords":null},{"@type":"Article","@id":"https:\/\/www.carios.cz\/vyhnete-se-komplikacim\/","headline":"Vyhn\u011bte se komplikac\u00edm","url":"https:\/\/www.carios.cz\/vyhnete-se-komplikacim\/","datePublished":"2018-01-03","dateModified":"2018-01-03","mainEntityOfPage":"https:\/\/www.carios.cz\/vyhnete-se-komplikacim\/","author":{"@type":"Person","@id":"https:\/\/www.carios.cz\/author\/devene\/#Person","name":"devene","url":"https:\/\/www.carios.cz\/author\/devene\/","identifier":1,"image":{"@type":"ImageObject","@id":"https:\/\/secure.gravatar.com\/avatar\/1e120f96477763896a9e7ab3663c076bf8b67ca32fa1a5943b70761da502a7a7?s=96&d=mm&r=g","url":"https:\/\/secure.gravatar.com\/avatar\/1e120f96477763896a9e7ab3663c076bf8b67ca32fa1a5943b70761da502a7a7?s=96&d=mm&r=g","height":96,"width":96}},"publisher":{"@type":"Organization","name":"carios.cz","logo":{"@type":"ImageObject","@id":"\/logo.png","url":"\/logo.png","width":600,"height":60}},"image":{"@type":"ImageObject","@id":"https:\/\/www.carios.cz\/wp-content\/uploads\/img_a311279_w1693_t1522151121.jpg","url":"https:\/\/www.carios.cz\/wp-content\/uploads\/img_a311279_w1693_t1522151121.jpg","height":0,"width":0},"wordCount":563,"keywords":null},{"@type":"Article","@id":"https:\/\/www.carios.cz\/vase-penezenka-potrebuje-nasi-pomoc\/","headline":"Va\u0161e pen\u011b\u017eenka pot\u0159ebuje na\u0161i pomoc","url":"https:\/\/www.carios.cz\/vase-penezenka-potrebuje-nasi-pomoc\/","datePublished":"2017-10-07","dateModified":"2017-10-07","mainEntityOfPage":"https:\/\/www.carios.cz\/vase-penezenka-potrebuje-nasi-pomoc\/","author":{"@type":"Person","@id":"https:\/\/www.carios.cz\/author\/devene\/#Person","name":"devene","url":"https:\/\/www.carios.cz\/author\/devene\/","identifier":1,"image":{"@type":"ImageObject","@id":"https:\/\/secure.gravatar.com\/avatar\/1e120f96477763896a9e7ab3663c076bf8b67ca32fa1a5943b70761da502a7a7?s=96&d=mm&r=g","url":"https:\/\/secure.gravatar.com\/avatar\/1e120f96477763896a9e7ab3663c076bf8b67ca32fa1a5943b70761da502a7a7?s=96&d=mm&r=g","height":96,"width":96}},"publisher":{"@type":"Organization","name":"carios.cz","logo":{"@type":"ImageObject","@id":"\/logo.png","url":"\/logo.png","width":600,"height":60}},"image":{"@type":"ImageObject","@id":"https:\/\/www.carios.cz\/wp-content\/uploads\/img_a301905_w2128_t1511959770.jpg","url":"https:\/\/www.carios.cz\/wp-content\/uploads\/img_a301905_w2128_t1511959770.jpg","height":0,"width":0},"wordCount":539,"keywords":null},{"@type":"Article","@id":"https:\/\/www.carios.cz\/ziskejte-novy-domov-ktery-si-zamilujete\/","headline":"Z\u00edskejte nov\u00fd domov, kter\u00fd si zamilujete","url":"https:\/\/www.carios.cz\/ziskejte-novy-domov-ktery-si-zamilujete\/","datePublished":"2017-08-26","dateModified":"2017-08-26","mainEntityOfPage":"https:\/\/www.carios.cz\/ziskejte-novy-domov-ktery-si-zamilujete\/","author":{"@type":"Person","@id":"https:\/\/www.carios.cz\/author\/devene\/#Person","name":"devene","url":"https:\/\/www.carios.cz\/author\/devene\/","identifier":1,"image":{"@type":"ImageObject","@id":"https:\/\/secure.gravatar.com\/avatar\/1e120f96477763896a9e7ab3663c076bf8b67ca32fa1a5943b70761da502a7a7?s=96&d=mm&r=g","url":"https:\/\/secure.gravatar.com\/avatar\/1e120f96477763896a9e7ab3663c076bf8b67ca32fa1a5943b70761da502a7a7?s=96&d=mm&r=g","height":96,"width":96}},"publisher":{"@type":"Organization","name":"carios.cz","logo":{"@type":"ImageObject","@id":"\/logo.png","url":"\/logo.png","width":600,"height":60}},"image":{"@type":"ImageObject","@id":"https:\/\/www.carios.cz\/wp-content\/uploads\/img_a296652_w2191_t1507623179.jpg","url":"https:\/\/www.carios.cz\/wp-content\/uploads\/img_a296652_w2191_t1507623179.jpg","height":0,"width":0},"wordCount":484,"keywords":null},{"@type":"Article","@id":"https:\/\/www.carios.cz\/udelejte-si-radost-a-kupte-si-neco-pro-poteseni\/","headline":"Ud\u011blejte si radost a kupte si n\u011bco pro pot\u011b\u0161en\u00ed","url":"https:\/\/www.carios.cz\/udelejte-si-radost-a-kupte-si-neco-pro-poteseni\/","datePublished":"2017-08-24","dateModified":"2017-08-24","mainEntityOfPage":"https:\/\/www.carios.cz\/udelejte-si-radost-a-kupte-si-neco-pro-poteseni\/","author":{"@type":"Person","@id":"https:\/\/www.carios.cz\/author\/devene\/#Person","name":"devene","url":"https:\/\/www.carios.cz\/author\/devene\/","identifier":1,"image":{"@type":"ImageObject","@id":"https:\/\/secure.gravatar.com\/avatar\/1e120f96477763896a9e7ab3663c076bf8b67ca32fa1a5943b70761da502a7a7?s=96&d=mm&r=g","url":"https:\/\/secure.gravatar.com\/avatar\/1e120f96477763896a9e7ab3663c076bf8b67ca32fa1a5943b70761da502a7a7?s=96&d=mm&r=g","height":96,"width":96}},"publisher":{"@type":"Organization","name":"carios.cz","logo":{"@type":"ImageObject","@id":"\/logo.png","url":"\/logo.png","width":600,"height":60}},"image":{"@type":"ImageObject","@id":"https:\/\/www.carios.cz\/wp-content\/uploads\/img_a297899_w2247_t1508261038.jpg","url":"https:\/\/www.carios.cz\/wp-content\/uploads\/img_a297899_w2247_t1508261038.jpg","height":0,"width":0},"wordCount":507,"keywords":null}]},{"@context":"https:\/\/schema.org","@type":"WebSite","@id":"https:\/\/www.carios.cz\/#website","name":"Carios","url":"https:\/\/www.carios.cz","potentialAction":{"@type":"SearchAction","target":"https:\/\/www.carios.cz\/?s={search_term_string}","query-input":"required name=search_term_string"}}]