[{"@context":"https:\/\/schema.org\/","@type":"Article","@id":"https:\/\/www.carios.cz\/pekne-a-kvalitni-zabradli\/#Article","mainEntityOfPage":"https:\/\/www.carios.cz\/pekne-a-kvalitni-zabradli\/","headline":"P\u011bkn\u00e9 a kvalitn\u00ed z\u00e1bradl\u00ed","name":"P\u011bkn\u00e9 a kvalitn\u00ed z\u00e1bradl\u00ed","description":"Kdy\u017e jsem za\u0159izovala sv\u016fj d\u016fm, byla jsem sama bez p\u0159\u00edtele. Proto\u017ee m\u016fj p\u0159\u00edtel se na m\u011b vyka\u0161lal, kdy\u017e jsem s [&hellip;]","datePublished":"2022-10-29","dateModified":"2022-10-29","author":{"@type":"Person","@id":"https:\/\/www.carios.cz\/author\/devene\/#Person","name":"devene","url":"https:\/\/www.carios.cz\/author\/devene\/","identifier":1,"image":{"@type":"ImageObject","@id":"https:\/\/secure.gravatar.com\/avatar\/1e120f96477763896a9e7ab3663c076bf8b67ca32fa1a5943b70761da502a7a7?s=96&d=mm&r=g","url":"https:\/\/secure.gravatar.com\/avatar\/1e120f96477763896a9e7ab3663c076bf8b67ca32fa1a5943b70761da502a7a7?s=96&d=mm&r=g","height":96,"width":96}},"publisher":{"@type":"Organization","name":"carios.cz","logo":{"@type":"ImageObject","@id":"\/logo.png","url":"\/logo.png","width":600,"height":60}},"image":{"@type":"ImageObject","@id":"https:\/\/www.carios.cz\/wp-content\/uploads\/stairs-1868423_960_720.jpg","url":"https:\/\/www.carios.cz\/wp-content\/uploads\/stairs-1868423_960_720.jpg","height":0,"width":0},"url":"https:\/\/www.carios.cz\/pekne-a-kvalitni-zabradli\/","about":["Zbo\u017e\u00ed"],"wordCount":440,"articleBody":"        Kdy\u017e jsem za\u0159izovala sv\u016fj d\u016fm, byla jsem sama bez p\u0159\u00edtele. Proto\u017ee m\u016fj p\u0159\u00edtel se na m\u011b vyka\u0161lal, kdy\u017e jsem s n\u00edm ot\u011bhotn\u011bla. A v\u016fbec nech\u00e1pu tu dne\u0161n\u00ed m\u00f3du m\u016f\u017eu, kte\u0159\u00ed se vyka\u0161lou na svou p\u0159\u00edtelkyni, kdy\u017e ot\u011bhotn\u00ed. M\u016fj p\u0159\u00edtel mi \u0159ekl, \u017ee na d\u00edt\u011b je\u0161t\u011b nen\u00ed p\u0159ipraven\u00fd, \u017ee bych si d\u00edt\u011b v\u016fbec nem\u011bla nechat. Jenom\u017ee tohle jsem v\u016fbec necht\u011bla sly\u0161et. D\u011bti m\u00e1m r\u00e1da a t\u011b\u0161ila jsem se na n\u011bj. V\u016fbec jsem nep\u0159em\u00fd\u0161lela nad t\u00edm, \u017ee bych dala d\u00edt\u011b pry\u010d.Samoz\u0159ejm\u011b, \u017ee jsem si d\u00edt\u011b nechala a p\u0159\u00edtele jsem tedy vyhodila pry\u010d. V\u0161echno dopadlo skv\u011ble a j\u00e1 jsem si i v t\u011bhotenstv\u00ed v kr\u00e1sn\u011b za\u0159izovala sv\u016fj d\u016fm. P\u0159em\u00fd\u0161lela jsem, jak\u00e9 d\u00e1m z\u00e1bradl\u00ed a madla do ob\u00fdv\u00e1ku, proto\u017ee tam m\u00e1me schodi\u0161t\u011b, kter\u00e9 vede do lo\u017enice a do d\u011btsk\u00e9ho pokoje. St\u00e1le jsem p\u0159em\u00fd\u0161lela, jak to ud\u011bl\u00e1m. Proto\u017ee mont\u00e1\u017e kovan\u00e9ho z\u00e1bradl\u00ed a madla je docela slo\u017eit\u00e9. Kdy\u017e m\u011b potom p\u0159i\u0161ly schody a taky z\u00e1bradl\u00ed a madla, p\u0159i\u0161el mi k tomu taky samoz\u0159ejm\u011b r\u016fzn\u00fd manu\u00e1l. Jenom\u017ee jak jsem zjistila, tak mont\u00e1\u017e kovan\u00e9ho z\u00e1bradl\u00ed a madla je opravdu slo\u017eit\u00e1. Nevyzn\u00e1m se v tom, ani kdy\u017e jsem m\u011bla n\u00e1vod. Jsem \u017eena, tak\u017ee asi to v\u011bd\u011bt ani nebudu.A i kdy\u017e tedy sice praktick\u00e9 v\u011bci zn\u00e1m, tak zrovna mont\u00e1\u017e kovan\u00e9ho z\u00e1bradl\u00ed a madla jsem neum\u011bla. Tuto zku\u0161enost a znalost jsme ani nebrali ve \u0161kole. Samoz\u0159ejm\u011b, \u017ee tohle je vtip. Na\u0161t\u011bst\u00ed m\u00e1m velmi \u0161ikovn\u00e9ho souseda, kter\u00fd si s mont\u00e1\u017e\u00ed kovan\u00e9ho z\u00e1bradl\u00ed a madla poradil. Bylo taky \u0161t\u011bst\u00ed, \u017ee to madlo bylo jenom jedno, tak\u017ee mont\u00e1\u017e nebyla tak slo\u017eit\u00e1, jak se na prvn\u00ed pohled zd\u00e1lo. Nyn\u00ed u\u017e m\u00e1m kr\u00e1sn\u00e9 z\u00e1bradl\u00ed a madla u\u017e rok, kter\u00e9 jsou naprosto bez z\u00e1vad. Pokud i v\u00e1s zaj\u00edm\u00e1 mont\u00e1\u017e kovan\u00e9ho z\u00e1bradl\u00ed a madla, sta\u010d\u00ed se pod\u00edvat na webov\u00e9 str\u00e1nky www.fa-havlicek.cz, kde se dozv\u00edte opravdu mnoho informac\u00ed a uvid\u00edte, jak prob\u00edh\u00e1 mont\u00e1\u017e kovan\u00e9ho z\u00e1bradl\u00ed a madla Fa-havlicek. A vy byste zvl\u00e1dli sami mont\u00e1\u017e kovan\u00e9ho z\u00e1bradl\u00ed a madla?                                                                                                                                                                                                                                                                                                                                                                                          4.7\/5 - (3 votes)        "},{"@context":"https:\/\/schema.org\/","@type":"BreadcrumbList","itemListElement":[{"@type":"ListItem","position":1,"name":"P\u011bkn\u00e9 a kvalitn\u00ed z\u00e1bradl\u00ed","item":"https:\/\/www.carios.cz\/pekne-a-kvalitni-zabradli\/#breadcrumbitem"}]}]