[{"@context":"https:\/\/schema.org\/","@type":"Article","@id":"https:\/\/www.carios.cz\/salvejovy-caj-muzete-nabidnout-i-vasi-navsteve\/#Article","mainEntityOfPage":"https:\/\/www.carios.cz\/salvejovy-caj-muzete-nabidnout-i-vasi-navsteve\/","headline":"\u0160alv\u011bjov\u00fd \u010daj m\u016f\u017eete nab\u00eddnout i va\u0161\u00ed n\u00e1v\u0161t\u011bv\u011b","name":"\u0160alv\u011bjov\u00fd \u010daj m\u016f\u017eete nab\u00eddnout i va\u0161\u00ed n\u00e1v\u0161t\u011bv\u011b","description":"\u0160alv\u011bj do termosky pro pr\u00e1ci a p\u0159i sportu \u0160alv\u011bj velmi p\u0159\u00edzniv\u011b p\u016fsob\u00ed proti civiliza\u010dn\u00edm onemocn\u011bn\u00edm, zejm\u00e9na r\u016fzn\u00fdm alergi\u00edm a astmatu. [&hellip;]","datePublished":"2023-12-07","dateModified":"2023-12-07","author":{"@type":"Person","@id":"https:\/\/www.carios.cz\/author\/devene\/#Person","name":"devene","url":"https:\/\/www.carios.cz\/author\/devene\/","identifier":1,"image":{"@type":"ImageObject","@id":"https:\/\/secure.gravatar.com\/avatar\/1e120f96477763896a9e7ab3663c076bf8b67ca32fa1a5943b70761da502a7a7?s=96&d=mm&r=g","url":"https:\/\/secure.gravatar.com\/avatar\/1e120f96477763896a9e7ab3663c076bf8b67ca32fa1a5943b70761da502a7a7?s=96&d=mm&r=g","height":96,"width":96}},"publisher":{"@type":"Organization","name":"carios.cz","logo":{"@type":"ImageObject","@id":"\/logo.png","url":"\/logo.png","width":600,"height":60}},"image":{"@type":"ImageObject","@id":"https:\/\/www.carios.cz\/wp-content\/uploads\/sage-3572718_640.jpg","url":"https:\/\/www.carios.cz\/wp-content\/uploads\/sage-3572718_640.jpg","height":0,"width":0},"url":"https:\/\/www.carios.cz\/salvejovy-caj-muzete-nabidnout-i-vasi-navsteve\/","about":["Zbo\u017e\u00ed"],"wordCount":425,"articleBody":"   \u0160alv\u011bj do termosky pro pr\u00e1ci a p\u0159i sportu\u0160alv\u011bj velmi p\u0159\u00edzniv\u011b p\u016fsob\u00ed proti civiliza\u010dn\u00edm onemocn\u011bn\u00edm, zejm\u00e9na r\u016fzn\u00fdm alergi\u00edm a astmatu. \u010caj si m\u016f\u017eete uva\u0159it a p\u0159el\u00edt do termosky a pop\u00edjet jej po mal\u00fdch dou\u0161c\u00edch t\u0159eba cel\u00e9 dopoledne v pr\u016fb\u011bhu pracovn\u00edho procesu. Bude se v\u00e1m i l\u00e9pe p\u0159em\u00fd\u0161let a aktivizovat tv\u016fr\u010d\u00ed \u010dinnost. Pamatujete se na \u201eD\u00edvku na ko\u0161t\u011bti jm\u00e9nem Saxana\u201c? \u0158editel \u0161koly, kam ve sv\u011bt\u011b lid\u00ed doch\u00e1zela, pop\u00edjel tak\u00e9 z termosky pr\u00e1v\u011b \u0160alv\u011bj p\u0159eslenitou, kter\u00e9 se lidov\u011b p\u0159ezd\u00edv\u00e1 \u201eBabsk\u00e9 ucho\u201c.\u0160alv\u011bj na j\u00e1tra a tr\u00e1ven\u00edZejm\u00e9na lid\u00e9, co jsou zasti\u017eeni enormn\u00edm chronick\u00fdm stresem a nevhodn\u011b se stravuj\u00ed (maso, ml\u00e9ko, b\u00edl\u00fd cukr, b\u00edl\u00e1 mouka), co\u017e jsou dva nejsiln\u011bj\u0161\u00ed vlivy, zp\u016fsobuj\u00edc\u00ed vnit\u0159n\u00ed stavy p\u0159ekyselen\u00ed, mohou \u0161alv\u011bjov\u00fd \u010daj u\u017e\u00edvat k regulaci tohoto probl\u00e9mu a k nastolen\u00ed op\u011btovn\u00e9 rovnov\u00e1hy v organismu. \u0160alv\u011bj je bylinka, kter\u00e1 upravuje tr\u00e1vic\u00ed pochody, zlep\u0161uje regeneraci jater a pro\u010di\u0161\u0165uje \u017elu\u010dovody. M\u00e1 p\u0159\u00edzniv\u00fd vliv na celou tr\u00e1vic\u00ed soustavu, pouze mus\u00edte dodr\u017eet p\u0159im\u011b\u0159en\u00e9 d\u00e1vkov\u00e1n\u00ed, aby to m\u011blo pozitivn\u00ed v\u00fdznam.\u0160alv\u011bj na zubyKdo m\u00e1 pot\u00ed\u017ee s d\u00e1sn\u011bmi, zasti\u017een\u00e9 z\u00e1n\u011bty, mohl by \u00fastn\u00ed dutinu vyplachovat pr\u00e1v\u011b odvarem ze \u0161alv\u011bje. Pochopiteln\u011b mus\u00edte dodr\u017eovat spr\u00e1vnou dent\u00e1ln\u00ed hygienu, a a\u017e pot\u00e9 si m\u016f\u017eete dovolit vyu\u017e\u00edt \u0161alv\u011bjov\u00fd \u010daj jako podp\u016frn\u00fd prost\u0159edek, proto\u017ee tato sice velmi prosp\u011b\u0161n\u00e1 bylinka nem\u016f\u017ee vynahradit starostlivost a p\u00e9\u010di o va\u0161e zuby.\u0160alv\u011bj pro va\u0161i n\u00e1v\u0161t\u011bvuO\u010dek\u00e1v\u00e1te vz\u00e1cnou n\u00e1v\u0161t\u011bvu a cht\u011bli byste j\u00ed nab\u00eddnout n\u011bco v\u00fdjime\u010dn\u00e9ho? N\u011bkte\u0159\u00ed lid\u00e9 p\u0159i t\u00e9to p\u0159\u00edle\u017eitosti s\u00e1hnou do baru pro l\u00e1hev ko\u0148aku nebo whisky, anebo vyprost\u00ed ze sklepa pr\u00e9miovou zna\u010dku \u010derven\u00e9ho v\u00edna, ale co\u017e takhle tentokr\u00e1t nam\u00edsto alkoholu nab\u00edzet bylinkov\u00e9 \u010daje. \u0160alv\u011bj se k tomu b\u00e1je\u010dn\u011b hod\u00ed a va\u0161\u00ed n\u00e1v\u0161t\u011bvu pak m\u016f\u017eete osv\u011btov\u00fdm v\u00fdkladem sezn\u00e1mit s pozitivy, kter\u00e9 pit\u00edm odvaru z Babsk\u00e9ho ucha z\u00edskaj\u00ed.                                                                                                                                                                                                                                                                                                                                                                                          3.3\/5 - (3 votes)        "},{"@context":"https:\/\/schema.org\/","@type":"BreadcrumbList","itemListElement":[{"@type":"ListItem","position":1,"name":"\u0160alv\u011bjov\u00fd \u010daj m\u016f\u017eete nab\u00eddnout i va\u0161\u00ed n\u00e1v\u0161t\u011bv\u011b","item":"https:\/\/www.carios.cz\/salvejovy-caj-muzete-nabidnout-i-vasi-navsteve\/#breadcrumbitem"}]}]