[{"@context":"https:\/\/schema.org\/","@type":"Article","@id":"https:\/\/www.carios.cz\/skvele-tricko\/#Article","mainEntityOfPage":"https:\/\/www.carios.cz\/skvele-tricko\/","headline":"Skv\u011bl\u00e9 tri\u010dko","name":"Skv\u011bl\u00e9 tri\u010dko","description":"Pamatuji si, jak m\u016fj bratr st\u00e1le nev\u011bd\u011bl, jak\u00e9 oble\u010den\u00ed si m\u00e1m vz\u00edt na sv\u00e9 prvn\u00ed rande, a tak za mnou [&hellip;]","datePublished":"2022-10-11","dateModified":"2022-10-11","author":{"@type":"Person","@id":"https:\/\/www.carios.cz\/author\/devene\/#Person","name":"devene","url":"https:\/\/www.carios.cz\/author\/devene\/","identifier":1,"image":{"@type":"ImageObject","@id":"https:\/\/secure.gravatar.com\/avatar\/1e120f96477763896a9e7ab3663c076bf8b67ca32fa1a5943b70761da502a7a7?s=96&d=mm&r=g","url":"https:\/\/secure.gravatar.com\/avatar\/1e120f96477763896a9e7ab3663c076bf8b67ca32fa1a5943b70761da502a7a7?s=96&d=mm&r=g","height":96,"width":96}},"publisher":{"@type":"Organization","name":"carios.cz","logo":{"@type":"ImageObject","@id":"\/logo.png","url":"\/logo.png","width":600,"height":60}},"image":{"@type":"ImageObject","@id":"https:\/\/www.carios.cz\/wp-content\/uploads\/pilot-1021_960_720.jpg","url":"https:\/\/www.carios.cz\/wp-content\/uploads\/pilot-1021_960_720.jpg","height":0,"width":0},"url":"https:\/\/www.carios.cz\/skvele-tricko\/","about":["Zbo\u017e\u00ed"],"wordCount":436,"articleBody":"       Pamatuji si, jak m\u016fj bratr st\u00e1le nev\u011bd\u011bl, jak\u00e9 oble\u010den\u00ed si m\u00e1m vz\u00edt na sv\u00e9 prvn\u00ed rande, a tak za mnou p\u0159i\u0161el, abych mu pr\u00fd poradila. Jenom\u017ee j\u00e1 jsem v\u016fbec nev\u011bd\u011bla. Nem\u011bla jsem tam \u017e\u00e1dnou zku\u0161enost, proto\u017ee jsem byla o \u010dty\u0159i roky mlad\u0161\u00ed ne\u017e bratr. M\u011b bylo \u010dtrn\u00e1ct let a bratrovi bylo osmn\u00e1ct let. Jenom\u017ee j\u00e1 jsem se v tom moc nevyzn\u00e1m. A \u0159ekla jsem tedy bratrovi, aby si vzal starou dobrou ko\u0161ili. Proto\u017ee b\u00edlou klasickou ko\u0161ili opravdu \u010dlov\u011bk nikdy nic nezkaz\u00ed. M\u016fj bratr se ale m\u00e9mu n\u00e1vrhu na ko\u0161ili za\u010dal opravdu sm\u00e1t. Pr\u00fd mu nen\u00ed pades\u00e1t let, aby na prvn\u00ed rande nosil ko\u0161ili. Tak jsem se bratra zeptala, co v\u016fbec m\u00e1 na mysli, aby si vzal, jak\u00e9 tak\u00e9 oble\u010den\u00ed. Bratr \u0159\u00edkal, \u017ee chce n\u011bco opravdu origin\u00e1ln\u00edho. Ale co? J\u00e1 jsem opravdu v\u00e1\u017en\u011b nev\u011bd\u011bla, co t\u00edm bratr mysl\u00ed, nev\u011bd\u011bla jsem, v jak\u00e9m oble\u010den\u00ed vlastn\u011b na prvn\u00ed rande chce j\u00edt.Tak jsem mu \u0159ekla, a\u0165 si prost\u011b vezme prvn\u00ed triko, kter\u00e9 mu padne pod ruku. A v\u00edte, co m\u016fj bratr ud\u011blal? Od se opravdu zachoval tak, jak jsem mu \u0159ekla. Bratr si vzal na sebe army tri\u010dko. Kdy\u017e jsem se tak na n\u011bj koukala, tak jsem ze za\u010d\u00e1tku byla z army trika v \u0161oku. Bylo to opravdu takov\u00e9 divn\u00e9 si vz\u00edt na prvn\u00ed rande army triko https:\/\/www.armytrika.cz\/. Jenom\u017ee kdy\u017e jsem se koukla na podruh\u00e9, tak mi to vlastn\u011b p\u0159i\u0161lo takov\u00e9 origin\u00e1ln\u00ed.Kdo by \u0161el vlastn\u011b na prvn\u00ed rande farmy triku? Opravdu jenom m\u00e1lokdo. Tak jsem bratrovi \u0159ekla, \u017ee to vlastn\u011b dobr\u00fd n\u00e1pad. Takov\u00e1 n\u00e1hoda, \u017ee zrovna po tomhle army triku s\u00e1hnul jako prvn\u00ed do sk\u0159\u00edn\u011b. Je to origin\u00e1ln\u00ed a je to prima. Bratr si p\u0159es to hodil d\u017e\u00ednovou bundu, tak\u017ee to vypadalo docela hodn\u011b drsn\u011b. A taky v\u00e1m chci \u0159\u00edct, \u017ee bratr na prvn\u00edm rande v tomhle army tri\u010dku a d\u017e\u00ednov\u00e9 bund\u011b opravdu zav\u00e1lel. S p\u0159\u00edtelkyn\u00ed u\u017e chod\u00ed spolu \u010dty\u0159i roky a je jim spolu dob\u0159e. Taky se ob\u010das sm\u011bjeme t\u00e9 p\u0159\u00edhod\u011b, jak bratr s\u00e1hnul n\u00e1hodou na army triko. Mysl\u00edm si, \u017ee takov\u00e9 n\u00e1hody by se m\u011bly st\u00e1vat st\u00e1le. Hlavn\u011b takov\u00e9 n\u00e1hody, kdy\u017e kon\u010d\u00ed dob\u0159e.                                                                                                                                                                                                                                                                                                                                                                                          4.8\/5 - (6 votes)        "},{"@context":"https:\/\/schema.org\/","@type":"BreadcrumbList","itemListElement":[{"@type":"ListItem","position":1,"name":"Skv\u011bl\u00e9 tri\u010dko","item":"https:\/\/www.carios.cz\/skvele-tricko\/#breadcrumbitem"}]}]