[{"@context":"https:\/\/schema.org\/","@type":"Article","@id":"https:\/\/www.carios.cz\/souprava-ktera-pasuje-ke-vsemu\/#Article","mainEntityOfPage":"https:\/\/www.carios.cz\/souprava-ktera-pasuje-ke-vsemu\/","headline":"Souprava, kter\u00e1 pasuje ke v\u0161emu","name":"Souprava, kter\u00e1 pasuje ke v\u0161emu","description":"M\u00e1lokter\u00fd n\u00e1bytek a drobn\u00e9 dekorace se daj\u00ed zkombinovat s jakoukoliv dal\u0161\u00ed v\u00fdbavou v interi\u00e9ru. Obvykle lid\u00e9 vol\u00ed jednotliv\u00e9 prvky podle [&hellip;]","datePublished":"2025-01-22","dateModified":"2025-01-22","author":{"@type":"Person","@id":"https:\/\/www.carios.cz\/author\/devene\/#Person","name":"devene","url":"https:\/\/www.carios.cz\/author\/devene\/","identifier":1,"image":{"@type":"ImageObject","@id":"https:\/\/secure.gravatar.com\/avatar\/1e120f96477763896a9e7ab3663c076bf8b67ca32fa1a5943b70761da502a7a7?s=96&d=mm&r=g","url":"https:\/\/secure.gravatar.com\/avatar\/1e120f96477763896a9e7ab3663c076bf8b67ca32fa1a5943b70761da502a7a7?s=96&d=mm&r=g","height":96,"width":96}},"publisher":{"@type":"Organization","name":"carios.cz","logo":{"@type":"ImageObject","@id":"\/logo.png","url":"\/logo.png","width":600,"height":60}},"url":"https:\/\/www.carios.cz\/souprava-ktera-pasuje-ke-vsemu\/","wordCount":273,"articleBody":"M\u00e1lokter\u00fd n\u00e1bytek a drobn\u00e9 dekorace se daj\u00ed zkombinovat s jakoukoliv dal\u0161\u00ed v\u00fdbavou v interi\u00e9ru. Obvykle lid\u00e9 vol\u00ed jednotliv\u00e9 prvky podle toho, v jak\u00e9m stylu maj\u00ed svou dom\u00e1cnost za\u0159\u00edzenou. Av\u0161ak n\u00e1\u0161 n\u00e1bytek, kter\u00fd je vyroben z p\u0159\u00edrodn\u00edho materi\u00e1lu, je v\u00fdjimkou, kter\u00e1 potvrzuje pravidlo. Budete-li cht\u00edt si ho po\u0159\u00eddit do sv\u00e9 dom\u00e1cnosti, tak se v\u016fbec nemus\u00edte ohl\u00ed\u017eet na to, zda preferujete modern\u00ed design a v\u0161e m\u00e1te za\u0159\u00edzen\u00e9 v jedn\u00e9, maxim\u00e1ln\u011b ve dvou barv\u00e1ch nebo zda Va\u0161e bydlen\u00ed nen\u00ed orientov\u00e1no do vyhran\u011bn\u00e9ho stylu. Jde toti\u017e o n\u00e1bytek neutr\u00e1ln\u00edho vzhledu, kter\u00fd bude pasovat ke ka\u017ed\u00e9mu ze zm\u00edn\u011bn\u00fdch styl\u016f! U\u017eijte si zahradn\u00ed se\u0161lost L\u00e9to se kvapem bl\u00ed\u017e\u00ed a Vy pr\u00e1v\u011b dostavujete nov\u00fd d\u016fm a s n\u00edm za\u0159izujete i novou zahradu? V takov\u00e9m p\u0159\u00edpad\u011b m\u00e1te jist\u011b v pl\u00e1nu konat v letn\u00edch dnech a ve\u010derech na zahrad\u011b i r\u016fzn\u00e9 se\u0161losti s p\u0159\u00e1teli. Av\u0161ak to, co by V\u00e1m m\u011blo po celou tu dobu poskytnout pohodl\u00ed, je velmi d\u016fle\u017eit\u00e9. M\u016f\u017eete si po\u0159\u00eddit klasick\u00fd plastov\u00fd n\u00e1bytek, kter\u00fd je na venek ur\u010den, ale ratanov\u00e1 sedac\u00ed souprava bude jist\u011b lep\u0161\u00ed mo\u017enost\u00ed! Nejen\u017ee jej\u00ed cena je v porovn\u00e1n\u00ed s jin\u00fdm n\u00e1bytkem zna\u010dn\u011b ni\u017e\u0161\u00ed, ale nav\u00edc V\u00e1m poskytne i kvalitn\u00ed slu\u017eby a Vy si m\u016f\u017eete u\u017e\u00edt i jej\u00edho p\u0159\u00edjemn\u00e9ho vzhledu!                                                                                                                                                                                                                                                                                                                                                                                        4.7\/5 - (3 votes)        "},{"@context":"https:\/\/schema.org\/","@type":"BreadcrumbList","itemListElement":[{"@type":"ListItem","position":1,"name":"Souprava, kter\u00e1 pasuje ke v\u0161emu","item":"https:\/\/www.carios.cz\/souprava-ktera-pasuje-ke-vsemu\/#breadcrumbitem"}]}]