[{"@context":"https:\/\/schema.org\/","@type":"Article","@id":"https:\/\/www.carios.cz\/vlastni-bydleni-v-chorvatsku\/#Article","mainEntityOfPage":"https:\/\/www.carios.cz\/vlastni-bydleni-v-chorvatsku\/","headline":"Vlastn\u00ed bydlen\u00ed v Chorvatsku","name":"Vlastn\u00ed bydlen\u00ed v Chorvatsku","description":"Jadersk\u00e9 mo\u0159e l\u00e1k\u00e1 svoj\u00ed vzd\u00e1lenost\u00ed v l\u00e9t\u011b mnoho a mnoho \u010cech\u016f. Z na\u0161\u00ed republiky se o velk\u00fdch letn\u00edch pr\u00e1zdnin\u00e1ch vyd\u00e1v\u00e1 [&hellip;]","datePublished":"2022-10-15","dateModified":"2022-10-15","author":{"@type":"Person","@id":"https:\/\/www.carios.cz\/author\/devene\/#Person","name":"devene","url":"https:\/\/www.carios.cz\/author\/devene\/","identifier":1,"image":{"@type":"ImageObject","@id":"https:\/\/secure.gravatar.com\/avatar\/1e120f96477763896a9e7ab3663c076bf8b67ca32fa1a5943b70761da502a7a7?s=96&d=mm&r=g","url":"https:\/\/secure.gravatar.com\/avatar\/1e120f96477763896a9e7ab3663c076bf8b67ca32fa1a5943b70761da502a7a7?s=96&d=mm&r=g","height":96,"width":96}},"publisher":{"@type":"Organization","name":"carios.cz","logo":{"@type":"ImageObject","@id":"\/logo.png","url":"\/logo.png","width":600,"height":60}},"image":{"@type":"ImageObject","@id":"https:\/\/www.carios.cz\/wp-content\/uploads\/croatia_2.jpg","url":"https:\/\/www.carios.cz\/wp-content\/uploads\/croatia_2.jpg","height":0,"width":0},"url":"https:\/\/www.carios.cz\/vlastni-bydleni-v-chorvatsku\/","about":["Firmy"],"wordCount":425,"articleBody":"       Jadersk\u00e9 mo\u0159e l\u00e1k\u00e1 svoj\u00ed vzd\u00e1lenost\u00ed v l\u00e9t\u011b mnoho a mnoho \u010cech\u016f. Z na\u0161\u00ed republiky se o velk\u00fdch letn\u00edch pr\u00e1zdnin\u00e1ch vyd\u00e1v\u00e1 mnoho automobil\u016f, aby jejich pasa\u017e\u00e9\u0159i se ocitli za p\u00e1r hodin u mo\u0159e a mohli si u\u017e\u00edvat tepl\u00e9 l\u00e9to pod slune\u010dn\u00edkem a ochutn\u00e1vat slanou vodu mo\u0159e, a d\u011bti aby si zde mohly hr\u00e1t a dov\u00e1d\u011bt. Jezd\u00edte tak\u00e9 r\u00e1di do Chorvatska, l\u00edb\u00ed se v\u00e1m chorvatsk\u00e1 n\u00e1tura, sp\u0159\u00e1telili jste se tu s mnoh\u00fdmi obyvateli a je v\u00e1m tu prost\u011b dob\u0159e?A co kdybychom v\u00e1m \u0159ekli, \u017ee si dokonce m\u016f\u017eete po\u0159\u00eddit v Chorvatsku vlastn\u00ed bydlen\u00ed? A v dob\u011b, kdy ho nebudete vyu\u017e\u00edvat vy a va\u0161e rodina, ho d\u00e1t k pron\u00e1jmu? M\u016f\u017eete a nemus\u00edte, ale byl by to ur\u010dit\u011b zna\u010dn\u00fd p\u0159iv\u00fdd\u011blek. Jsou k dispozici apartm\u00e1ny v domech v bezprost\u0159edn\u00ed bl\u00edzkosti mo\u0159e, v malebn\u00e9m m\u011bste\u010dku \u017dabori\u010d ve St\u0159edn\u00ed Dalm\u00e1cii, odkud poch\u00e1z\u00ed jedna rodina, kter\u00e1 je p\u016fvodem z \u010cesk\u00e9 republiky a kter\u00e1 se zde us\u00eddlila a pom\u00e1h\u00e1 sv\u00e9mu kamar\u00e1dovi staviteli s prodejem nov\u011b postaven\u00fdch apartm\u00e1n\u016f, kter\u00e9 sice je\u0161t\u011b nejsou dostav\u011bn\u00e9, ale odr\u00e1\u017e\u00ed se to velice p\u0159\u00edzniv\u011b na jejich dostupn\u011bj\u0161\u00ed a l\u00e1kav\u011bj\u0161\u00ed cen\u011b. Nav\u00edc, budete budouc\u00ed bydlen\u00ed m\u00edt od n\u011bkoho, kdo v lokalit\u011b \u017eije a na koho se tam budete moci obr\u00e1tit a do\u010dk\u00e1te se mil\u00e9ho \u00fasm\u011bvu a p\u0159\u00edjemn\u00e9ho vystupov\u00e1n\u00ed.Pod\u00edvejte se na nemovitosti v Chorvatsku prodej, m\u00e1te k dispozici na v\u00fdb\u011br je\u0161t\u011b z deseti voln\u00fdch apartm\u00e1n\u016f v Aqua Beach Residenci \u017dabori\u010d o r\u016fzn\u00fdch dispozic\u00edch. Jedn\u00e1 se o byty s terasou, ob\u00fdv\u00e1kem s kuchyn\u00ed, dv\u011bma lo\u017enicemi a samoz\u0159ejm\u011b koupelnou a WC. Kter\u00fd bude ten v\u00e1\u0161? Nev\u00e1hejte, dokud jsou je\u0161t\u011b voln\u00e9, vyu\u017eijte toho. M\u00edt kam jezdit, a je\u0161t\u011b ke v\u0161emu a\u017e k mo\u0159i? To je zna\u010dka ide\u00e1l. A nemus\u00edte se b\u00e1t, \u017ee kdybyste sem dlouho nezav\u00edtali, \u017ee by se s va\u0161\u00ed nemovitost\u00ed mohlo n\u011bco st\u00e1t, Bude o n\u00ed postar\u00e1no. Sou\u010d\u00e1st\u00ed t\u011bchto apartm\u00e1n\u016f je samoz\u0159ejm\u011b i zaji\u0161t\u011bn\u00e9 parkovac\u00ed m\u00edsto. Kupte je\u0161t\u011b te\u010f, ne\u017e cena zase vzroste.                                                                                                                                                                                                                                                                                                                                                                                          4\/5 - (8 votes)        "},{"@context":"https:\/\/schema.org\/","@type":"BreadcrumbList","itemListElement":[{"@type":"ListItem","position":1,"name":"Vlastn\u00ed bydlen\u00ed v Chorvatsku","item":"https:\/\/www.carios.cz\/vlastni-bydleni-v-chorvatsku\/#breadcrumbitem"}]}]