{"@context":"https:\/\/schema.org\/","@type":"CollectionPage","@id":"https:\/\/www.carios.cz\/zbozi\/#CollectionPage","headline":"Zbo\u017e\u00ed Category","description":"","url":"https:\/\/www.carios.cz\/zbozi\/","hasPart":[{"@type":"Article","@id":"https:\/\/www.carios.cz\/o-obchodni-centra-se-take-musi-nekdo-starat-co-se-tyce-udrzby-ale-jak-a-kdo\/","headline":"O obchodn\u00ed centra se tak\u00e9 mus\u00ed n\u011bkdo starat, co se t\u00fd\u010de \u00fadr\u017eby, ale jak a kdo?","url":"https:\/\/www.carios.cz\/o-obchodni-centra-se-take-musi-nekdo-starat-co-se-tyce-udrzby-ale-jak-a-kdo\/","datePublished":"2025-09-05","dateModified":"2025-09-05","mainEntityOfPage":"https:\/\/www.carios.cz\/o-obchodni-centra-se-take-musi-nekdo-starat-co-se-tyce-udrzby-ale-jak-a-kdo\/","author":{"@type":"Person","@id":"https:\/\/www.carios.cz\/author\/devene\/#Person","name":"devene","url":"https:\/\/www.carios.cz\/author\/devene\/","identifier":1,"image":{"@type":"ImageObject","@id":"https:\/\/secure.gravatar.com\/avatar\/1e120f96477763896a9e7ab3663c076bf8b67ca32fa1a5943b70761da502a7a7?s=96&d=mm&r=g","url":"https:\/\/secure.gravatar.com\/avatar\/1e120f96477763896a9e7ab3663c076bf8b67ca32fa1a5943b70761da502a7a7?s=96&d=mm&r=g","height":96,"width":96}},"publisher":{"@type":"Organization","name":"carios.cz","logo":{"@type":"ImageObject","@id":"\/logo.png","url":"\/logo.png","width":600,"height":60}},"image":{"@type":"ImageObject","@id":"https:\/\/www.carios.cz\/wp-content\/uploads\/odevy1_10_3.jpg","url":"https:\/\/www.carios.cz\/wp-content\/uploads\/odevy1_10_3.jpg","height":0,"width":0},"keywords":null},{"@type":"Article","@id":"https:\/\/www.carios.cz\/cim-si-vylepsit-zahradniceni\/","headline":"\u010c\u00edm si vylep\u0161it zahradni\u010den\u00ed?","url":"https:\/\/www.carios.cz\/cim-si-vylepsit-zahradniceni\/","datePublished":"2025-02-14","dateModified":"2025-02-14","mainEntityOfPage":"https:\/\/www.carios.cz\/cim-si-vylepsit-zahradniceni\/","author":{"@type":"Person","@id":"https:\/\/www.carios.cz\/author\/devene\/#Person","name":"devene","url":"https:\/\/www.carios.cz\/author\/devene\/","identifier":1,"image":{"@type":"ImageObject","@id":"https:\/\/secure.gravatar.com\/avatar\/1e120f96477763896a9e7ab3663c076bf8b67ca32fa1a5943b70761da502a7a7?s=96&d=mm&r=g","url":"https:\/\/secure.gravatar.com\/avatar\/1e120f96477763896a9e7ab3663c076bf8b67ca32fa1a5943b70761da502a7a7?s=96&d=mm&r=g","height":96,"width":96}},"publisher":{"@type":"Organization","name":"carios.cz","logo":{"@type":"ImageObject","@id":"\/logo.png","url":"\/logo.png","width":600,"height":60}},"image":{"@type":"ImageObject","@id":"https:\/\/www.carios.cz\/wp-content\/uploads\/ss_10_10_10_10_10_10_10_9.jpg","url":"https:\/\/www.carios.cz\/wp-content\/uploads\/ss_10_10_10_10_10_10_10_9.jpg","height":0,"width":0},"keywords":null},{"@type":"Article","@id":"https:\/\/www.carios.cz\/tyl-symbol-elegance-a-krasy\/","headline":"Tyl &#8211; symbol elegance a kr\u00e1sy","url":"https:\/\/www.carios.cz\/tyl-symbol-elegance-a-krasy\/","datePublished":"2025-01-19","dateModified":"2025-01-19","mainEntityOfPage":"https:\/\/www.carios.cz\/tyl-symbol-elegance-a-krasy\/","author":{"@type":"Person","@id":"https:\/\/www.carios.cz\/author\/devene\/#Person","name":"devene","url":"https:\/\/www.carios.cz\/author\/devene\/","identifier":1,"image":{"@type":"ImageObject","@id":"https:\/\/secure.gravatar.com\/avatar\/1e120f96477763896a9e7ab3663c076bf8b67ca32fa1a5943b70761da502a7a7?s=96&d=mm&r=g","url":"https:\/\/secure.gravatar.com\/avatar\/1e120f96477763896a9e7ab3663c076bf8b67ca32fa1a5943b70761da502a7a7?s=96&d=mm&r=g","height":96,"width":96}},"publisher":{"@type":"Organization","name":"carios.cz","logo":{"@type":"ImageObject","@id":"\/logo.png","url":"\/logo.png","width":600,"height":60}},"image":{"@type":"ImageObject","@id":"https:\/\/www.carios.cz\/wp-content\/uploads\/esther-tuttle-VEqv4h1jJis-unsplash.jpg","url":"https:\/\/www.carios.cz\/wp-content\/uploads\/esther-tuttle-VEqv4h1jJis-unsplash.jpg","height":0,"width":0},"keywords":null},{"@type":"Article","@id":"https:\/\/www.carios.cz\/o-vyhodach-podlahoveho-topeni\/","headline":"O v\u00fdhod\u00e1ch podlahov\u00e9ho topen\u00ed","url":"https:\/\/www.carios.cz\/o-vyhodach-podlahoveho-topeni\/","datePublished":"2024-11-11","dateModified":"2024-11-11","mainEntityOfPage":"https:\/\/www.carios.cz\/o-vyhodach-podlahoveho-topeni\/","author":{"@type":"Person","@id":"https:\/\/www.carios.cz\/author\/devene\/#Person","name":"devene","url":"https:\/\/www.carios.cz\/author\/devene\/","identifier":1,"image":{"@type":"ImageObject","@id":"https:\/\/secure.gravatar.com\/avatar\/1e120f96477763896a9e7ab3663c076bf8b67ca32fa1a5943b70761da502a7a7?s=96&d=mm&r=g","url":"https:\/\/secure.gravatar.com\/avatar\/1e120f96477763896a9e7ab3663c076bf8b67ca32fa1a5943b70761da502a7a7?s=96&d=mm&r=g","height":96,"width":96}},"publisher":{"@type":"Organization","name":"carios.cz","logo":{"@type":"ImageObject","@id":"\/logo.png","url":"\/logo.png","width":600,"height":60}},"image":{"@type":"ImageObject","@id":"https:\/\/www.carios.cz\/wp-content\/uploads\/pexels-arina-krasnikova-7752434.jpg","url":"https:\/\/www.carios.cz\/wp-content\/uploads\/pexels-arina-krasnikova-7752434.jpg","height":0,"width":0},"keywords":null},{"@type":"Article","@id":"https:\/\/www.carios.cz\/kam-umistit-bazen-do-zeme\/","headline":"Kam um\u00edstit baz\u00e9n do zem\u011b","url":"https:\/\/www.carios.cz\/kam-umistit-bazen-do-zeme\/","datePublished":"2024-10-20","dateModified":"2024-10-20","mainEntityOfPage":"https:\/\/www.carios.cz\/kam-umistit-bazen-do-zeme\/","author":{"@type":"Person","@id":"https:\/\/www.carios.cz\/author\/devene\/#Person","name":"devene","url":"https:\/\/www.carios.cz\/author\/devene\/","identifier":1,"image":{"@type":"ImageObject","@id":"https:\/\/secure.gravatar.com\/avatar\/1e120f96477763896a9e7ab3663c076bf8b67ca32fa1a5943b70761da502a7a7?s=96&d=mm&r=g","url":"https:\/\/secure.gravatar.com\/avatar\/1e120f96477763896a9e7ab3663c076bf8b67ca32fa1a5943b70761da502a7a7?s=96&d=mm&r=g","height":96,"width":96}},"publisher":{"@type":"Organization","name":"carios.cz","logo":{"@type":"ImageObject","@id":"\/logo.png","url":"\/logo.png","width":600,"height":60}},"image":{"@type":"ImageObject","@id":"https:\/\/www.carios.cz\/wp-content\/uploads\/orchids-8926169_640.jpg","url":"https:\/\/www.carios.cz\/wp-content\/uploads\/orchids-8926169_640.jpg","height":0,"width":0},"keywords":null},{"@type":"Article","@id":"https:\/\/www.carios.cz\/tlacitko-ktere-pomaha\/","headline":"Tla\u010d\u00edtko kter\u00e9 pom\u00e1h\u00e1","url":"https:\/\/www.carios.cz\/tlacitko-ktere-pomaha\/","datePublished":"2024-10-08","dateModified":"2024-10-08","mainEntityOfPage":"https:\/\/www.carios.cz\/tlacitko-ktere-pomaha\/","author":{"@type":"Person","@id":"https:\/\/www.carios.cz\/author\/devene\/#Person","name":"devene","url":"https:\/\/www.carios.cz\/author\/devene\/","identifier":1,"image":{"@type":"ImageObject","@id":"https:\/\/secure.gravatar.com\/avatar\/1e120f96477763896a9e7ab3663c076bf8b67ca32fa1a5943b70761da502a7a7?s=96&d=mm&r=g","url":"https:\/\/secure.gravatar.com\/avatar\/1e120f96477763896a9e7ab3663c076bf8b67ca32fa1a5943b70761da502a7a7?s=96&d=mm&r=g","height":96,"width":96}},"publisher":{"@type":"Organization","name":"carios.cz","logo":{"@type":"ImageObject","@id":"\/logo.png","url":"\/logo.png","width":600,"height":60}},"image":{"@type":"ImageObject","@id":"https:\/\/www.carios.cz\/wp-content\/uploads\/pexels-pixabay-33786_3.jpg","url":"https:\/\/www.carios.cz\/wp-content\/uploads\/pexels-pixabay-33786_3.jpg","height":0,"width":0},"keywords":null},{"@type":"Article","@id":"https:\/\/www.carios.cz\/zastery-jako-reklama\/","headline":"Z\u00e1st\u011bry jako reklama","url":"https:\/\/www.carios.cz\/zastery-jako-reklama\/","datePublished":"2024-07-08","dateModified":"2024-07-08","mainEntityOfPage":"https:\/\/www.carios.cz\/zastery-jako-reklama\/","author":{"@type":"Person","@id":"https:\/\/www.carios.cz\/author\/devene\/#Person","name":"devene","url":"https:\/\/www.carios.cz\/author\/devene\/","identifier":1,"image":{"@type":"ImageObject","@id":"https:\/\/secure.gravatar.com\/avatar\/1e120f96477763896a9e7ab3663c076bf8b67ca32fa1a5943b70761da502a7a7?s=96&d=mm&r=g","url":"https:\/\/secure.gravatar.com\/avatar\/1e120f96477763896a9e7ab3663c076bf8b67ca32fa1a5943b70761da502a7a7?s=96&d=mm&r=g","height":96,"width":96}},"publisher":{"@type":"Organization","name":"carios.cz","logo":{"@type":"ImageObject","@id":"\/logo.png","url":"\/logo.png","width":600,"height":60}},"image":{"@type":"ImageObject","@id":"https:\/\/www.carios.cz\/wp-content\/uploads\/apron-707512_1280.jpg","url":"https:\/\/www.carios.cz\/wp-content\/uploads\/apron-707512_1280.jpg","height":0,"width":0},"keywords":null},{"@type":"Article","@id":"https:\/\/www.carios.cz\/boj-proti-zdrazovani\/","headline":"Boj proti zdra\u017eov\u00e1n\u00ed","url":"https:\/\/www.carios.cz\/boj-proti-zdrazovani\/","datePublished":"2024-02-05","dateModified":"2024-02-05","mainEntityOfPage":"https:\/\/www.carios.cz\/boj-proti-zdrazovani\/","author":{"@type":"Person","@id":"https:\/\/www.carios.cz\/author\/devene\/#Person","name":"devene","url":"https:\/\/www.carios.cz\/author\/devene\/","identifier":1,"image":{"@type":"ImageObject","@id":"https:\/\/secure.gravatar.com\/avatar\/1e120f96477763896a9e7ab3663c076bf8b67ca32fa1a5943b70761da502a7a7?s=96&d=mm&r=g","url":"https:\/\/secure.gravatar.com\/avatar\/1e120f96477763896a9e7ab3663c076bf8b67ca32fa1a5943b70761da502a7a7?s=96&d=mm&r=g","height":96,"width":96}},"publisher":{"@type":"Organization","name":"carios.cz","logo":{"@type":"ImageObject","@id":"\/logo.png","url":"\/logo.png","width":600,"height":60}},"image":{"@type":"ImageObject","@id":"https:\/\/www.carios.cz\/wp-content\/uploads\/renewable-6811970_640.jpg","url":"https:\/\/www.carios.cz\/wp-content\/uploads\/renewable-6811970_640.jpg","height":0,"width":0},"keywords":null},{"@type":"Article","@id":"https:\/\/www.carios.cz\/vlastnictvi-pozemku\/","headline":"Vlastnictv\u00ed pozemku","url":"https:\/\/www.carios.cz\/vlastnictvi-pozemku\/","datePublished":"2023-12-15","dateModified":"2024-01-18","mainEntityOfPage":"https:\/\/www.carios.cz\/vlastnictvi-pozemku\/","author":{"@type":"Person","@id":"https:\/\/www.carios.cz\/author\/devene\/#Person","name":"devene","url":"https:\/\/www.carios.cz\/author\/devene\/","identifier":1,"image":{"@type":"ImageObject","@id":"https:\/\/secure.gravatar.com\/avatar\/1e120f96477763896a9e7ab3663c076bf8b67ca32fa1a5943b70761da502a7a7?s=96&d=mm&r=g","url":"https:\/\/secure.gravatar.com\/avatar\/1e120f96477763896a9e7ab3663c076bf8b67ca32fa1a5943b70761da502a7a7?s=96&d=mm&r=g","height":96,"width":96}},"publisher":{"@type":"Organization","name":"carios.cz","logo":{"@type":"ImageObject","@id":"\/logo.png","url":"\/logo.png","width":600,"height":60}},"image":{"@type":"ImageObject","@id":"https:\/\/www.carios.cz\/wp-content\/uploads\/summer-day-1524892_1280.jpg","url":"https:\/\/www.carios.cz\/wp-content\/uploads\/summer-day-1524892_1280.jpg","height":0,"width":0},"keywords":null},{"@type":"Article","@id":"https:\/\/www.carios.cz\/salvejovy-caj-muzete-nabidnout-i-vasi-navsteve\/","headline":"\u0160alv\u011bjov\u00fd \u010daj m\u016f\u017eete nab\u00eddnout i va\u0161\u00ed n\u00e1v\u0161t\u011bv\u011b","url":"https:\/\/www.carios.cz\/salvejovy-caj-muzete-nabidnout-i-vasi-navsteve\/","datePublished":"2023-12-07","dateModified":"2023-12-07","mainEntityOfPage":"https:\/\/www.carios.cz\/salvejovy-caj-muzete-nabidnout-i-vasi-navsteve\/","author":{"@type":"Person","@id":"https:\/\/www.carios.cz\/author\/devene\/#Person","name":"devene","url":"https:\/\/www.carios.cz\/author\/devene\/","identifier":1,"image":{"@type":"ImageObject","@id":"https:\/\/secure.gravatar.com\/avatar\/1e120f96477763896a9e7ab3663c076bf8b67ca32fa1a5943b70761da502a7a7?s=96&d=mm&r=g","url":"https:\/\/secure.gravatar.com\/avatar\/1e120f96477763896a9e7ab3663c076bf8b67ca32fa1a5943b70761da502a7a7?s=96&d=mm&r=g","height":96,"width":96}},"publisher":{"@type":"Organization","name":"carios.cz","logo":{"@type":"ImageObject","@id":"\/logo.png","url":"\/logo.png","width":600,"height":60}},"image":{"@type":"ImageObject","@id":"https:\/\/www.carios.cz\/wp-content\/uploads\/sage-3572718_640.jpg","url":"https:\/\/www.carios.cz\/wp-content\/uploads\/sage-3572718_640.jpg","height":0,"width":0},"keywords":null}]}