{"@context":"https:\/\/schema.org\/","@type":"CollectionPage","@id":"https:\/\/www.carios.cz\/zbozi\/#CollectionPage","headline":"Zbo\u017e\u00ed Category","description":"","url":"https:\/\/www.carios.cz\/zbozi\/","hasPart":[{"@type":"Article","@id":"https:\/\/www.carios.cz\/jizda-v-desti\/","headline":"J\u00edzda v de\u0161ti","url":"https:\/\/www.carios.cz\/jizda-v-desti\/","datePublished":"2023-09-26","dateModified":"2023-09-26","mainEntityOfPage":"https:\/\/www.carios.cz\/jizda-v-desti\/","author":{"@type":"Person","@id":"https:\/\/www.carios.cz\/author\/devene\/#Person","name":"devene","url":"https:\/\/www.carios.cz\/author\/devene\/","identifier":1,"image":{"@type":"ImageObject","@id":"https:\/\/secure.gravatar.com\/avatar\/1e120f96477763896a9e7ab3663c076bf8b67ca32fa1a5943b70761da502a7a7?s=96&d=mm&r=g","url":"https:\/\/secure.gravatar.com\/avatar\/1e120f96477763896a9e7ab3663c076bf8b67ca32fa1a5943b70761da502a7a7?s=96&d=mm&r=g","height":96,"width":96}},"publisher":{"@type":"Organization","name":"carios.cz","logo":{"@type":"ImageObject","@id":"\/logo.png","url":"\/logo.png","width":600,"height":60}},"image":{"@type":"ImageObject","@id":"https:\/\/www.carios.cz\/wp-content\/uploads\/car-front-1711880_640.jpg","url":"https:\/\/www.carios.cz\/wp-content\/uploads\/car-front-1711880_640.jpg","height":0,"width":0},"keywords":null},{"@type":"Article","@id":"https:\/\/www.carios.cz\/boj-proti-veku\/","headline":"Boj proti v\u011bku","url":"https:\/\/www.carios.cz\/boj-proti-veku\/","datePublished":"2023-09-23","dateModified":"2024-05-29","mainEntityOfPage":"https:\/\/www.carios.cz\/boj-proti-veku\/","author":{"@type":"Person","@id":"https:\/\/www.carios.cz\/author\/devene\/#Person","name":"devene","url":"https:\/\/www.carios.cz\/author\/devene\/","identifier":1,"image":{"@type":"ImageObject","@id":"https:\/\/secure.gravatar.com\/avatar\/1e120f96477763896a9e7ab3663c076bf8b67ca32fa1a5943b70761da502a7a7?s=96&d=mm&r=g","url":"https:\/\/secure.gravatar.com\/avatar\/1e120f96477763896a9e7ab3663c076bf8b67ca32fa1a5943b70761da502a7a7?s=96&d=mm&r=g","height":96,"width":96}},"publisher":{"@type":"Organization","name":"carios.cz","logo":{"@type":"ImageObject","@id":"\/logo.png","url":"\/logo.png","width":600,"height":60}},"image":{"@type":"ImageObject","@id":"https:\/\/www.carios.cz\/wp-content\/uploads\/bed-575797_640.png","url":"https:\/\/www.carios.cz\/wp-content\/uploads\/bed-575797_640.png","height":0,"width":0},"keywords":null},{"@type":"Article","@id":"https:\/\/www.carios.cz\/cesky-vyrobek\/","headline":"\u010cesk\u00fd v\u00fdrobek","url":"https:\/\/www.carios.cz\/cesky-vyrobek\/","datePublished":"2023-08-20","dateModified":"2023-08-20","mainEntityOfPage":"https:\/\/www.carios.cz\/cesky-vyrobek\/","author":{"@type":"Person","@id":"https:\/\/www.carios.cz\/author\/devene\/#Person","name":"devene","url":"https:\/\/www.carios.cz\/author\/devene\/","identifier":1,"image":{"@type":"ImageObject","@id":"https:\/\/secure.gravatar.com\/avatar\/1e120f96477763896a9e7ab3663c076bf8b67ca32fa1a5943b70761da502a7a7?s=96&d=mm&r=g","url":"https:\/\/secure.gravatar.com\/avatar\/1e120f96477763896a9e7ab3663c076bf8b67ca32fa1a5943b70761da502a7a7?s=96&d=mm&r=g","height":96,"width":96}},"publisher":{"@type":"Organization","name":"carios.cz","logo":{"@type":"ImageObject","@id":"\/logo.png","url":"\/logo.png","width":600,"height":60}},"image":{"@type":"ImageObject","@id":"https:\/\/www.carios.cz\/wp-content\/uploads\/kalhotky_5.jpg","url":"https:\/\/www.carios.cz\/wp-content\/uploads\/kalhotky_5.jpg","height":0,"width":0},"keywords":null},{"@type":"Article","@id":"https:\/\/www.carios.cz\/leto-a-problemy-s-oblekanim\/","headline":"L\u00e9to a probl\u00e9my s obl\u00e9k\u00e1n\u00edm","url":"https:\/\/www.carios.cz\/leto-a-problemy-s-oblekanim\/","datePublished":"2023-04-22","dateModified":"2023-04-22","mainEntityOfPage":"https:\/\/www.carios.cz\/leto-a-problemy-s-oblekanim\/","author":{"@type":"Person","@id":"https:\/\/www.carios.cz\/author\/devene\/#Person","name":"devene","url":"https:\/\/www.carios.cz\/author\/devene\/","identifier":1,"image":{"@type":"ImageObject","@id":"https:\/\/secure.gravatar.com\/avatar\/1e120f96477763896a9e7ab3663c076bf8b67ca32fa1a5943b70761da502a7a7?s=96&d=mm&r=g","url":"https:\/\/secure.gravatar.com\/avatar\/1e120f96477763896a9e7ab3663c076bf8b67ca32fa1a5943b70761da502a7a7?s=96&d=mm&r=g","height":96,"width":96}},"publisher":{"@type":"Organization","name":"carios.cz","logo":{"@type":"ImageObject","@id":"\/logo.png","url":"\/logo.png","width":600,"height":60}},"image":{"@type":"ImageObject","@id":"https:\/\/www.carios.cz\/wp-content\/uploads\/freedom-g9e0bfb1a7_640.jpg","url":"https:\/\/www.carios.cz\/wp-content\/uploads\/freedom-g9e0bfb1a7_640.jpg","height":0,"width":0},"keywords":null},{"@type":"Article","@id":"https:\/\/www.carios.cz\/potrebujete-nejake-hezke-a-kvalitni-stoly-na-vasi-zahradku-mame-pro-vas-exkluzivni-nabidku\/","headline":"Pot\u0159ebujete n\u011bjak\u00e9 hezk\u00e9 a kvalitn\u00ed stoly na va\u0161i zahr\u00e1dku ?  M\u00e1me pro v\u00e1s exkluzivn\u00ed nab\u00eddku!","url":"https:\/\/www.carios.cz\/potrebujete-nejake-hezke-a-kvalitni-stoly-na-vasi-zahradku-mame-pro-vas-exkluzivni-nabidku\/","datePublished":"2023-02-10","dateModified":"2023-02-10","mainEntityOfPage":"https:\/\/www.carios.cz\/potrebujete-nejake-hezke-a-kvalitni-stoly-na-vasi-zahradku-mame-pro-vas-exkluzivni-nabidku\/","author":{"@type":"Person","@id":"https:\/\/www.carios.cz\/author\/devene\/#Person","name":"devene","url":"https:\/\/www.carios.cz\/author\/devene\/","identifier":1,"image":{"@type":"ImageObject","@id":"https:\/\/secure.gravatar.com\/avatar\/1e120f96477763896a9e7ab3663c076bf8b67ca32fa1a5943b70761da502a7a7?s=96&d=mm&r=g","url":"https:\/\/secure.gravatar.com\/avatar\/1e120f96477763896a9e7ab3663c076bf8b67ca32fa1a5943b70761da502a7a7?s=96&d=mm&r=g","height":96,"width":96}},"publisher":{"@type":"Organization","name":"carios.cz","logo":{"@type":"ImageObject","@id":"\/logo.png","url":"\/logo.png","width":600,"height":60}},"image":{"@type":"ImageObject","@id":"https:\/\/www.carios.cz\/wp-content\/uploads\/cafe-4410475_960_720.jpg","url":"https:\/\/www.carios.cz\/wp-content\/uploads\/cafe-4410475_960_720.jpg","height":0,"width":0},"keywords":null},{"@type":"Article","@id":"https:\/\/www.carios.cz\/kryci-plachta-na-bazen-pro-vasi-ochranu\/","headline":"Kryc\u00ed plachta na baz\u00e9n pro Va\u0161i ochranu","url":"https:\/\/www.carios.cz\/kryci-plachta-na-bazen-pro-vasi-ochranu\/","datePublished":"2022-12-25","dateModified":"2023-05-02","mainEntityOfPage":"https:\/\/www.carios.cz\/kryci-plachta-na-bazen-pro-vasi-ochranu\/","author":{"@type":"Person","@id":"https:\/\/www.carios.cz\/author\/devene\/#Person","name":"devene","url":"https:\/\/www.carios.cz\/author\/devene\/","identifier":1,"image":{"@type":"ImageObject","@id":"https:\/\/secure.gravatar.com\/avatar\/1e120f96477763896a9e7ab3663c076bf8b67ca32fa1a5943b70761da502a7a7?s=96&d=mm&r=g","url":"https:\/\/secure.gravatar.com\/avatar\/1e120f96477763896a9e7ab3663c076bf8b67ca32fa1a5943b70761da502a7a7?s=96&d=mm&r=g","height":96,"width":96}},"publisher":{"@type":"Organization","name":"carios.cz","logo":{"@type":"ImageObject","@id":"\/logo.png","url":"\/logo.png","width":600,"height":60}},"image":{"@type":"ImageObject","@id":"https:\/\/www.carios.cz\/wp-content\/uploads\/istockphoto-1153481509-170667a_1.jpg","url":"https:\/\/www.carios.cz\/wp-content\/uploads\/istockphoto-1153481509-170667a_1.jpg","height":0,"width":0},"keywords":null},{"@type":"Article","@id":"https:\/\/www.carios.cz\/nepodcenujte-dulezitots-kolagenu\/","headline":"Nepodce\u0148ujte d\u016fle\u017eitots kolagenu","url":"https:\/\/www.carios.cz\/nepodcenujte-dulezitots-kolagenu\/","datePublished":"2022-12-19","dateModified":"2022-12-19","mainEntityOfPage":"https:\/\/www.carios.cz\/nepodcenujte-dulezitots-kolagenu\/","author":{"@type":"Person","@id":"https:\/\/www.carios.cz\/author\/devene\/#Person","name":"devene","url":"https:\/\/www.carios.cz\/author\/devene\/","identifier":1,"image":{"@type":"ImageObject","@id":"https:\/\/secure.gravatar.com\/avatar\/1e120f96477763896a9e7ab3663c076bf8b67ca32fa1a5943b70761da502a7a7?s=96&d=mm&r=g","url":"https:\/\/secure.gravatar.com\/avatar\/1e120f96477763896a9e7ab3663c076bf8b67ca32fa1a5943b70761da502a7a7?s=96&d=mm&r=g","height":96,"width":96}},"publisher":{"@type":"Organization","name":"carios.cz","logo":{"@type":"ImageObject","@id":"\/logo.png","url":"\/logo.png","width":600,"height":60}},"image":{"@type":"ImageObject","@id":"https:\/\/www.carios.cz\/wp-content\/uploads\/fulminan-2336695_640_7.jpg","url":"https:\/\/www.carios.cz\/wp-content\/uploads\/fulminan-2336695_640_7.jpg","height":0,"width":0},"keywords":null},{"@type":"Article","@id":"https:\/\/www.carios.cz\/jak-vest-organizovane\/","headline":"Jak v\u00e9st organizovan\u011b","url":"https:\/\/www.carios.cz\/jak-vest-organizovane\/","datePublished":"2022-12-17","dateModified":"2022-12-17","mainEntityOfPage":"https:\/\/www.carios.cz\/jak-vest-organizovane\/","author":{"@type":"Person","@id":"https:\/\/www.carios.cz\/author\/devene\/#Person","name":"devene","url":"https:\/\/www.carios.cz\/author\/devene\/","identifier":1,"image":{"@type":"ImageObject","@id":"https:\/\/secure.gravatar.com\/avatar\/1e120f96477763896a9e7ab3663c076bf8b67ca32fa1a5943b70761da502a7a7?s=96&d=mm&r=g","url":"https:\/\/secure.gravatar.com\/avatar\/1e120f96477763896a9e7ab3663c076bf8b67ca32fa1a5943b70761da502a7a7?s=96&d=mm&r=g","height":96,"width":96}},"publisher":{"@type":"Organization","name":"carios.cz","logo":{"@type":"ImageObject","@id":"\/logo.png","url":"\/logo.png","width":600,"height":60}},"image":{"@type":"ImageObject","@id":"https:\/\/www.carios.cz\/wp-content\/uploads\/woman-gc46dbdd5a_640.jpg","url":"https:\/\/www.carios.cz\/wp-content\/uploads\/woman-gc46dbdd5a_640.jpg","height":0,"width":0},"keywords":null},{"@type":"Article","@id":"https:\/\/www.carios.cz\/kvetinova-dekorace\/","headline":"Kv\u011btinov\u00e1 dekorace","url":"https:\/\/www.carios.cz\/kvetinova-dekorace\/","datePublished":"2022-12-12","dateModified":"2022-12-12","mainEntityOfPage":"https:\/\/www.carios.cz\/kvetinova-dekorace\/","author":{"@type":"Person","@id":"https:\/\/www.carios.cz\/author\/devene\/#Person","name":"devene","url":"https:\/\/www.carios.cz\/author\/devene\/","identifier":1,"image":{"@type":"ImageObject","@id":"https:\/\/secure.gravatar.com\/avatar\/1e120f96477763896a9e7ab3663c076bf8b67ca32fa1a5943b70761da502a7a7?s=96&d=mm&r=g","url":"https:\/\/secure.gravatar.com\/avatar\/1e120f96477763896a9e7ab3663c076bf8b67ca32fa1a5943b70761da502a7a7?s=96&d=mm&r=g","height":96,"width":96}},"publisher":{"@type":"Organization","name":"carios.cz","logo":{"@type":"ImageObject","@id":"\/logo.png","url":"\/logo.png","width":600,"height":60}},"image":{"@type":"ImageObject","@id":"https:\/\/www.carios.cz\/wp-content\/uploads\/pots-716579_960_720.jpg","url":"https:\/\/www.carios.cz\/wp-content\/uploads\/pots-716579_960_720.jpg","height":0,"width":0},"keywords":null},{"@type":"Article","@id":"https:\/\/www.carios.cz\/siti-v-domacich-podminkach-dnes\/","headline":"\u0160it\u00ed v dom\u00e1c\u00edch podm\u00ednk\u00e1ch dnes","url":"https:\/\/www.carios.cz\/siti-v-domacich-podminkach-dnes\/","datePublished":"2022-11-27","dateModified":"2023-05-30","mainEntityOfPage":"https:\/\/www.carios.cz\/siti-v-domacich-podminkach-dnes\/","author":{"@type":"Person","@id":"https:\/\/www.carios.cz\/author\/devene\/#Person","name":"devene","url":"https:\/\/www.carios.cz\/author\/devene\/","identifier":1,"image":{"@type":"ImageObject","@id":"https:\/\/secure.gravatar.com\/avatar\/1e120f96477763896a9e7ab3663c076bf8b67ca32fa1a5943b70761da502a7a7?s=96&d=mm&r=g","url":"https:\/\/secure.gravatar.com\/avatar\/1e120f96477763896a9e7ab3663c076bf8b67ca32fa1a5943b70761da502a7a7?s=96&d=mm&r=g","height":96,"width":96}},"publisher":{"@type":"Organization","name":"carios.cz","logo":{"@type":"ImageObject","@id":"\/logo.png","url":"\/logo.png","width":600,"height":60}},"image":{"@type":"ImageObject","@id":"https:\/\/www.carios.cz\/wp-content\/uploads\/woman-4184804_640_4.jpg","url":"https:\/\/www.carios.cz\/wp-content\/uploads\/woman-4184804_640_4.jpg","height":0,"width":0},"keywords":null}]}